{"id":600,"date":"2024-02-10T22:25:00","date_gmt":"2024-02-10T22:25:00","guid":{"rendered":"https:\/\/www.hogaresfaustinollamas.org\/newammk\/?p=600"},"modified":"2025-03-11T00:28:25","modified_gmt":"2025-03-11T00:28:25","slug":"quien-fue-maximiliano-maria-kolbe","status":"publish","type":"post","link":"https:\/\/www.hogaresfaustinollamas.org\/ammk\/quien-fue-maximiliano-maria-kolbe\/","title":{"rendered":"Qui\u00e9n fue Maximiliano Mar\u00eda Kolbe"},"content":{"rendered":"\n<p>Aqu\u00ed te platicamos un poquito de qui\u00e9n fue Maximiliano Mar\u00eda Kolbe en cuya memoria se puso el nombre a la Asociaci\u00f3n Maximiliano Mar\u00eda Kolbe IAP.<\/p>\n\n\n\n<p>San Maximiliano es nuestro santo patrono, un hombre cuya vida fue un ejemplo de amor, entrega y sacrificio por los dem\u00e1s.  Su valent\u00eda y su dedicaci\u00f3n al servicio de los m\u00e1s vulnerables nos inspiran a seguir sus pasos, trabajando por un mundo m\u00e1s justo y compasivo.<\/p>\n\n\n\n<p><strong>Infancia y Juventud<\/strong><\/p>\n\n\n\n<p>Rajmund Kolbe naci\u00f3 el 8 de enero de 1894 en Zdu\u0144ska Wola, Polonia, entonces parte del Imperio Ruso. Fue el segundo hijo de Julius Kolbe, un tejedor alem\u00e1n, y Maria D\u0105browska, una partera polaca. Desde joven, Rajmund mostr\u00f3 una profunda devoci\u00f3n religiosa. A los 9 a\u00f1os, tuvo una visi\u00f3n de la Virgen Mar\u00eda que influy\u00f3 significativamente en su vocaci\u00f3n espiritual. Seg\u00fan relatos, la Virgen le ofreci\u00f3 dos coronas: una blanca, simbolizando la pureza, y una roja, representando el martirio. Rajmund acept\u00f3 ambas, comprometi\u00e9ndose a vivir una vida de santidad y sacrificio. \u200b<\/p>\n\n\n\n<p><strong>Vocaci\u00f3n Franciscana<\/strong><\/p>\n\n\n\n<p>En 1907, Rajmund y su hermano mayor, Franciszek, ingresaron al seminario de los franciscanos conventuales en Le\u00f3polis, bajo dominio austriaco en ese entonces. Durante su formaci\u00f3n, adopt\u00f3 el nombre religioso de Maximiliano. En 1912, fue enviado a Roma para continuar sus estudios teol\u00f3gicos y filos\u00f3ficos en la Pontificia Universidad Gregoriana, donde obtuvo su doctorado en filosof\u00eda en 1915 y en teolog\u00eda en 1919. \u200b<\/p>\n\n\n\n<p><strong>Fundaci\u00f3n de la Milicia de la Inmaculada y la Ciudad de la Inmaculada<\/strong><\/p>\n\n\n\n<p>Profundamente devoto de la Virgen Mar\u00eda, en 1917 fund\u00f3 la &#8220;Milicia de la Inmaculada&#8221;, un movimiento dedicado a la conversi\u00f3n de pecadores y a la difusi\u00f3n de la devoci\u00f3n mariana. En 1922, inici\u00f3 la publicaci\u00f3n de la revista mensual &#8220;Caballero de la Inmaculada&#8221;, destinada a promover el conocimiento y amor hacia la Virgen. En 1927, fund\u00f3 la &#8220;Ciudad de la Inmaculada&#8221; (Niepokalan\u00f3w) cerca de Varsovia, un complejo religioso que se convirti\u00f3 en un importante centro de publicaciones y actividades misioneras. \u200b<\/p>\n\n\n\n<p><strong>Misi\u00f3n en Asia<\/strong><\/p>\n\n\n\n<p>En 1930, Maximiliano emprendi\u00f3 misiones en Asia. En Shangh\u00e1i, China, intent\u00f3 establecer una comunidad franciscana, pero sin mucho \u00e9xito. Posteriormente, en Jap\u00f3n, fund\u00f3 el monasterio &#8220;Mugenzai no Sono&#8221; en Nagasaki en 1931 y comenz\u00f3 a publicar la versi\u00f3n japonesa de &#8220;Caballero de la Inmaculada&#8221;. \u200b<\/p>\n\n\n\n<p><strong>Captura, Martirio y Muerte<\/strong><\/p>\n\n\n\n<p>Tras el estallido de la Segunda Guerra Mundial, en 1939, Niepokalan\u00f3w fue ocupado por las fuerzas alemanas. Maximiliano fue arrestado por su oposici\u00f3n al r\u00e9gimen nazi y enviado al campo de concentraci\u00f3n de Auschwitz. All\u00ed, el 3 de agosto de 1941, se ofreci\u00f3 voluntariamente a morir en lugar de un compa\u00f1ero de prisi\u00f3n, Franciszek Gajowniczek, quien ten\u00eda familia. Maximiliano fue condenado a morir de hambre junto con otros nueve prisioneros. Despu\u00e9s de diez d\u00edas, a\u00fan con vida, fue ejecutado con una inyecci\u00f3n letal el 14 de agosto de 1941. \u200b<\/p>\n\n\n<div class=\"wp-block-image\">\n<figure class=\"aligncenter size-full is-resized\"><img loading=\"lazy\" decoding=\"async\" width=\"600\" height=\"608\" src=\"https:\/\/www.hogaresfaustinollamas.org\/newammk\/wp-content\/uploads\/2025\/03\/hombre-al-que-salvo-la-vida.webp\" alt=\"\" class=\"wp-image-601\" style=\"width:369px;height:auto\" srcset=\"https:\/\/www.hogaresfaustinollamas.org\/ammk\/wp-content\/uploads\/2025\/03\/hombre-al-que-salvo-la-vida.webp 600w, https:\/\/www.hogaresfaustinollamas.org\/ammk\/wp-content\/uploads\/2025\/03\/hombre-al-que-salvo-la-vida-296x300.webp 296w\" sizes=\"auto, (max-width: 600px) 100vw, 600px\" \/><\/figure>\n<\/div>\n\n\n<p><strong>Canonizaci\u00f3n y Legado<\/strong><\/p>\n\n\n\n<p>Maximiliano Kolbe fue beatificado en 1971 por el Papa Pablo VI y canonizado en 1982 por el Papa Juan Pablo II, quien lo proclam\u00f3 &#8220;m\u00e1rtir de la caridad&#8221;. Es considerado el patrono de los prisioneros, periodistas, familias y personas adictas. Su festividad se celebra el 14 de agosto, d\u00eda de su muerte. \u200b<\/p>\n\n\n\n<p>La vida de San Maximiliano Mar\u00eda Kolbe es un testimonio de fe, sacrificio y dedicaci\u00f3n a la Virgen Mar\u00eda, dejando un legado de amor y servicio que contin\u00faa inspirando a millones.<\/p>\n\n\n\n<p>Fuentes: <a href=\"https:\/\/es.wikipedia.org\/wiki\/Maximiliano_Kolbe\" target=\"_blank\" rel=\"noreferrer noopener\">es.wikipedia.org<\/a> \/ <a href=\"https:\/\/es.catholic.net\/\" target=\"_blank\" rel=\"noreferrer noopener\">https:\/\/es.catholic.net\/<\/a> <a href=\"https:\/\/www.bbc.com\/mundo\/noticias-58446849\" target=\"_blank\" rel=\"noreferrer noopener\">www.bbc.com\/mundo\/noticias-58446849<\/a><\/p>\n\n\n\n<p><\/p>\n","protected":false},"excerpt":{"rendered":"<p>Aqu\u00ed te platicamos un poquito de qui\u00e9n fue Maximiliano Mar\u00eda Kolbe en cuya memoria se puso el nombre a esta casa.<\/p>\n","protected":false},"author":2,"featured_media":602,"comment_status":"open","ping_status":"closed","sticky":false,"template":"","format":"standard","meta":{"_citadela_custom_class":"","footnotes":""},"categories":[33],"tags":[],"citadela-post-location":[],"class_list":["post-600","post","type-post","status-publish","format-standard","has-post-thumbnail","hentry","category-quienes-somos"],"yoast_head":"<!-- This site is optimized with the Yoast SEO plugin v26.4 - https:\/\/yoast.com\/wordpress\/plugins\/seo\/ -->\n<title>Qui\u00e9n fue Maximiliano Mar\u00eda Kolbe<\/title>\n<meta name=\"description\" content=\"Te platicamos un poquito de qui\u00e9n fue Maximiliano Mar\u00eda Kolbe en cuya memoria se puso el nombre a esta Casa Hogar.\" \/>\n<meta name=\"robots\" content=\"index, follow, max-snippet:-1, max-image-preview:large, max-video-preview:-1\" \/>\n<link rel=\"canonical\" href=\"https:\/\/www.hogaresfaustinollamas.org\/ammk\/quien-fue-maximiliano-maria-kolbe\/\" \/>\n<meta property=\"og:locale\" content=\"es_MX\" \/>\n<meta property=\"og:type\" content=\"article\" \/>\n<meta property=\"og:title\" content=\"Qui\u00e9n fue Maximiliano Mar\u00eda Kolbe\" \/>\n<meta property=\"og:description\" content=\"Te platicamos un poquito de qui\u00e9n fue Maximiliano Mar\u00eda Kolbe en cuya memoria se puso el nombre a esta Casa Hogar.\" \/>\n<meta property=\"og:url\" content=\"https:\/\/www.hogaresfaustinollamas.org\/ammk\/quien-fue-maximiliano-maria-kolbe\/\" \/>\n<meta property=\"og:site_name\" content=\"Maximiliano Mar\u00eda Kolbe IAP\" \/>\n<meta property=\"article:publisher\" content=\"https:\/\/www.facebook.com\/casahogarmaximilianomariakolbe\/\" \/>\n<meta property=\"article:published_time\" content=\"2024-02-10T22:25:00+00:00\" \/>\n<meta property=\"article:modified_time\" content=\"2025-03-11T00:28:25+00:00\" \/>\n<meta property=\"og:image\" content=\"https:\/\/www.hogaresfaustinollamas.org\/ammk\/wp-content\/uploads\/2025\/03\/san-maximiliano-maria-kolbe-destacada-ok.webp\" \/>\n\t<meta property=\"og:image:width\" content=\"800\" \/>\n\t<meta property=\"og:image:height\" content=\"533\" \/>\n\t<meta property=\"og:image:type\" content=\"image\/webp\" \/>\n<meta name=\"author\" content=\"Redacci\u00f3n Kolbe\" \/>\n<meta name=\"twitter:card\" content=\"summary_large_image\" \/>\n<meta name=\"twitter:label1\" content=\"Escrito por\" \/>\n\t<meta name=\"twitter:data1\" content=\"Redacci\u00f3n Kolbe\" \/>\n\t<meta name=\"twitter:label2\" content=\"Tiempo de lectura\" \/>\n\t<meta name=\"twitter:data2\" content=\"3 minutos\" \/>\n<script type=\"application\/ld+json\" class=\"yoast-schema-graph\">{\"@context\":\"https:\/\/schema.org\",\"@graph\":[{\"@type\":\"Article\",\"@id\":\"https:\/\/www.hogaresfaustinollamas.org\/ammk\/quien-fue-maximiliano-maria-kolbe\/#article\",\"isPartOf\":{\"@id\":\"https:\/\/www.hogaresfaustinollamas.org\/ammk\/quien-fue-maximiliano-maria-kolbe\/\"},\"author\":{\"name\":\"Redacci\u00f3n Kolbe\",\"@id\":\"https:\/\/www.hogaresfaustinollamas.org\/ammk\/#\/schema\/person\/0067b1ff926b8d2f5c6da896fefd5377\"},\"headline\":\"Qui\u00e9n fue Maximiliano Mar\u00eda Kolbe\",\"datePublished\":\"2024-02-10T22:25:00+00:00\",\"dateModified\":\"2025-03-11T00:28:25+00:00\",\"mainEntityOfPage\":{\"@id\":\"https:\/\/www.hogaresfaustinollamas.org\/ammk\/quien-fue-maximiliano-maria-kolbe\/\"},\"wordCount\":604,\"commentCount\":0,\"publisher\":{\"@id\":\"https:\/\/www.hogaresfaustinollamas.org\/ammk\/#organization\"},\"image\":{\"@id\":\"https:\/\/www.hogaresfaustinollamas.org\/ammk\/quien-fue-maximiliano-maria-kolbe\/#primaryimage\"},\"thumbnailUrl\":\"https:\/\/www.hogaresfaustinollamas.org\/ammk\/wp-content\/uploads\/2025\/03\/san-maximiliano-maria-kolbe-destacada-ok.webp\",\"articleSection\":[\"Quienes Somos\"],\"inLanguage\":\"es\",\"potentialAction\":[{\"@type\":\"CommentAction\",\"name\":\"Comment\",\"target\":[\"https:\/\/www.hogaresfaustinollamas.org\/ammk\/quien-fue-maximiliano-maria-kolbe\/#respond\"]}]},{\"@type\":\"WebPage\",\"@id\":\"https:\/\/www.hogaresfaustinollamas.org\/ammk\/quien-fue-maximiliano-maria-kolbe\/\",\"url\":\"https:\/\/www.hogaresfaustinollamas.org\/ammk\/quien-fue-maximiliano-maria-kolbe\/\",\"name\":\"Qui\u00e9n fue Maximiliano Mar\u00eda Kolbe\",\"isPartOf\":{\"@id\":\"https:\/\/www.hogaresfaustinollamas.org\/ammk\/#website\"},\"primaryImageOfPage\":{\"@id\":\"https:\/\/www.hogaresfaustinollamas.org\/ammk\/quien-fue-maximiliano-maria-kolbe\/#primaryimage\"},\"image\":{\"@id\":\"https:\/\/www.hogaresfaustinollamas.org\/ammk\/quien-fue-maximiliano-maria-kolbe\/#primaryimage\"},\"thumbnailUrl\":\"https:\/\/www.hogaresfaustinollamas.org\/ammk\/wp-content\/uploads\/2025\/03\/san-maximiliano-maria-kolbe-destacada-ok.webp\",\"datePublished\":\"2024-02-10T22:25:00+00:00\",\"dateModified\":\"2025-03-11T00:28:25+00:00\",\"description\":\"Te platicamos un poquito de qui\u00e9n fue Maximiliano Mar\u00eda Kolbe en cuya memoria se puso el nombre a esta Casa Hogar.\",\"breadcrumb\":{\"@id\":\"https:\/\/www.hogaresfaustinollamas.org\/ammk\/quien-fue-maximiliano-maria-kolbe\/#breadcrumb\"},\"inLanguage\":\"es\",\"potentialAction\":[{\"@type\":\"ReadAction\",\"target\":[\"https:\/\/www.hogaresfaustinollamas.org\/ammk\/quien-fue-maximiliano-maria-kolbe\/\"]}]},{\"@type\":\"ImageObject\",\"inLanguage\":\"es\",\"@id\":\"https:\/\/www.hogaresfaustinollamas.org\/ammk\/quien-fue-maximiliano-maria-kolbe\/#primaryimage\",\"url\":\"https:\/\/www.hogaresfaustinollamas.org\/ammk\/wp-content\/uploads\/2025\/03\/san-maximiliano-maria-kolbe-destacada-ok.webp\",\"contentUrl\":\"https:\/\/www.hogaresfaustinollamas.org\/ammk\/wp-content\/uploads\/2025\/03\/san-maximiliano-maria-kolbe-destacada-ok.webp\",\"width\":800,\"height\":533},{\"@type\":\"BreadcrumbList\",\"@id\":\"https:\/\/www.hogaresfaustinollamas.org\/ammk\/quien-fue-maximiliano-maria-kolbe\/#breadcrumb\",\"itemListElement\":[{\"@type\":\"ListItem\",\"position\":1,\"name\":\"Inicio\",\"item\":\"https:\/\/www.hogaresfaustinollamas.org\/ammk\/\"},{\"@type\":\"ListItem\",\"position\":2,\"name\":\"Qui\u00e9n fue Maximiliano Mar\u00eda Kolbe\"}]},{\"@type\":\"WebSite\",\"@id\":\"https:\/\/www.hogaresfaustinollamas.org\/ammk\/#website\",\"url\":\"https:\/\/www.hogaresfaustinollamas.org\/ammk\/\",\"name\":\"ASOCIACI\u00d3N MAXIMILIANO MAR\u00cdA KOLBE, I.A.P\",\"description\":\"CASA HOGAR\",\"publisher\":{\"@id\":\"https:\/\/www.hogaresfaustinollamas.org\/ammk\/#organization\"},\"potentialAction\":[{\"@type\":\"SearchAction\",\"target\":{\"@type\":\"EntryPoint\",\"urlTemplate\":\"https:\/\/www.hogaresfaustinollamas.org\/ammk\/?s={search_term_string}\"},\"query-input\":{\"@type\":\"PropertyValueSpecification\",\"valueRequired\":true,\"valueName\":\"search_term_string\"}}],\"inLanguage\":\"es\"},{\"@type\":\"Organization\",\"@id\":\"https:\/\/www.hogaresfaustinollamas.org\/ammk\/#organization\",\"name\":\"ASOCIACI\u00d3N MAXIMILIANO MAR\u00cdA KOLBE, I.A.P\",\"url\":\"https:\/\/www.hogaresfaustinollamas.org\/ammk\/\",\"logo\":{\"@type\":\"ImageObject\",\"inLanguage\":\"es\",\"@id\":\"https:\/\/www.hogaresfaustinollamas.org\/ammk\/#\/schema\/logo\/image\/\",\"url\":\"https:\/\/www.hogaresfaustinollamas.org\/newammk\/wp-content\/uploads\/2025\/03\/logo-kolbe-web-120-px.png\",\"contentUrl\":\"https:\/\/www.hogaresfaustinollamas.org\/newammk\/wp-content\/uploads\/2025\/03\/logo-kolbe-web-120-px.png\",\"width\":120,\"height\":120,\"caption\":\"ASOCIACI\u00d3N MAXIMILIANO MAR\u00cdA KOLBE, I.A.P\"},\"image\":{\"@id\":\"https:\/\/www.hogaresfaustinollamas.org\/ammk\/#\/schema\/logo\/image\/\"},\"sameAs\":[\"https:\/\/www.facebook.com\/casahogarmaximilianomariakolbe\/\",\"https:\/\/www.instagram.com\/maximilianomkolbe\/\"]},{\"@type\":\"Person\",\"@id\":\"https:\/\/www.hogaresfaustinollamas.org\/ammk\/#\/schema\/person\/0067b1ff926b8d2f5c6da896fefd5377\",\"name\":\"Redacci\u00f3n Kolbe\",\"image\":{\"@type\":\"ImageObject\",\"inLanguage\":\"es\",\"@id\":\"https:\/\/www.hogaresfaustinollamas.org\/ammk\/#\/schema\/person\/image\/\",\"url\":\"https:\/\/secure.gravatar.com\/avatar\/4209718b5a1a050b57317a73caad0937ec9eccdb96217b9cd8e4848f133b1c1b?s=96&d=mm&r=g\",\"contentUrl\":\"https:\/\/secure.gravatar.com\/avatar\/4209718b5a1a050b57317a73caad0937ec9eccdb96217b9cd8e4848f133b1c1b?s=96&d=mm&r=g\",\"caption\":\"Redacci\u00f3n Kolbe\"},\"sameAs\":[\"https:\/\/www.hogaresfaustinollamas.org\"],\"url\":\"https:\/\/www.hogaresfaustinollamas.org\/ammk\/author\/maricela\/\"}]}<\/script>\n<!-- \/ Yoast SEO plugin. -->","yoast_head_json":{"title":"Qui\u00e9n fue Maximiliano Mar\u00eda Kolbe","description":"Te platicamos un poquito de qui\u00e9n fue Maximiliano Mar\u00eda Kolbe en cuya memoria se puso el nombre a esta Casa Hogar.","robots":{"index":"index","follow":"follow","max-snippet":"max-snippet:-1","max-image-preview":"max-image-preview:large","max-video-preview":"max-video-preview:-1"},"canonical":"https:\/\/www.hogaresfaustinollamas.org\/ammk\/quien-fue-maximiliano-maria-kolbe\/","og_locale":"es_MX","og_type":"article","og_title":"Qui\u00e9n fue Maximiliano Mar\u00eda Kolbe","og_description":"Te platicamos un poquito de qui\u00e9n fue Maximiliano Mar\u00eda Kolbe en cuya memoria se puso el nombre a esta Casa Hogar.","og_url":"https:\/\/www.hogaresfaustinollamas.org\/ammk\/quien-fue-maximiliano-maria-kolbe\/","og_site_name":"Maximiliano Mar\u00eda Kolbe IAP","article_publisher":"https:\/\/www.facebook.com\/casahogarmaximilianomariakolbe\/","article_published_time":"2024-02-10T22:25:00+00:00","article_modified_time":"2025-03-11T00:28:25+00:00","og_image":[{"width":800,"height":533,"url":"https:\/\/www.hogaresfaustinollamas.org\/ammk\/wp-content\/uploads\/2025\/03\/san-maximiliano-maria-kolbe-destacada-ok.webp","type":"image\/webp"}],"author":"Redacci\u00f3n Kolbe","twitter_card":"summary_large_image","twitter_misc":{"Escrito por":"Redacci\u00f3n Kolbe","Tiempo de lectura":"3 minutos"},"schema":{"@context":"https:\/\/schema.org","@graph":[{"@type":"Article","@id":"https:\/\/www.hogaresfaustinollamas.org\/ammk\/quien-fue-maximiliano-maria-kolbe\/#article","isPartOf":{"@id":"https:\/\/www.hogaresfaustinollamas.org\/ammk\/quien-fue-maximiliano-maria-kolbe\/"},"author":{"name":"Redacci\u00f3n Kolbe","@id":"https:\/\/www.hogaresfaustinollamas.org\/ammk\/#\/schema\/person\/0067b1ff926b8d2f5c6da896fefd5377"},"headline":"Qui\u00e9n fue Maximiliano Mar\u00eda Kolbe","datePublished":"2024-02-10T22:25:00+00:00","dateModified":"2025-03-11T00:28:25+00:00","mainEntityOfPage":{"@id":"https:\/\/www.hogaresfaustinollamas.org\/ammk\/quien-fue-maximiliano-maria-kolbe\/"},"wordCount":604,"commentCount":0,"publisher":{"@id":"https:\/\/www.hogaresfaustinollamas.org\/ammk\/#organization"},"image":{"@id":"https:\/\/www.hogaresfaustinollamas.org\/ammk\/quien-fue-maximiliano-maria-kolbe\/#primaryimage"},"thumbnailUrl":"https:\/\/www.hogaresfaustinollamas.org\/ammk\/wp-content\/uploads\/2025\/03\/san-maximiliano-maria-kolbe-destacada-ok.webp","articleSection":["Quienes Somos"],"inLanguage":"es","potentialAction":[{"@type":"CommentAction","name":"Comment","target":["https:\/\/www.hogaresfaustinollamas.org\/ammk\/quien-fue-maximiliano-maria-kolbe\/#respond"]}]},{"@type":"WebPage","@id":"https:\/\/www.hogaresfaustinollamas.org\/ammk\/quien-fue-maximiliano-maria-kolbe\/","url":"https:\/\/www.hogaresfaustinollamas.org\/ammk\/quien-fue-maximiliano-maria-kolbe\/","name":"Qui\u00e9n fue Maximiliano Mar\u00eda Kolbe","isPartOf":{"@id":"https:\/\/www.hogaresfaustinollamas.org\/ammk\/#website"},"primaryImageOfPage":{"@id":"https:\/\/www.hogaresfaustinollamas.org\/ammk\/quien-fue-maximiliano-maria-kolbe\/#primaryimage"},"image":{"@id":"https:\/\/www.hogaresfaustinollamas.org\/ammk\/quien-fue-maximiliano-maria-kolbe\/#primaryimage"},"thumbnailUrl":"https:\/\/www.hogaresfaustinollamas.org\/ammk\/wp-content\/uploads\/2025\/03\/san-maximiliano-maria-kolbe-destacada-ok.webp","datePublished":"2024-02-10T22:25:00+00:00","dateModified":"2025-03-11T00:28:25+00:00","description":"Te platicamos un poquito de qui\u00e9n fue Maximiliano Mar\u00eda Kolbe en cuya memoria se puso el nombre a esta Casa Hogar.","breadcrumb":{"@id":"https:\/\/www.hogaresfaustinollamas.org\/ammk\/quien-fue-maximiliano-maria-kolbe\/#breadcrumb"},"inLanguage":"es","potentialAction":[{"@type":"ReadAction","target":["https:\/\/www.hogaresfaustinollamas.org\/ammk\/quien-fue-maximiliano-maria-kolbe\/"]}]},{"@type":"ImageObject","inLanguage":"es","@id":"https:\/\/www.hogaresfaustinollamas.org\/ammk\/quien-fue-maximiliano-maria-kolbe\/#primaryimage","url":"https:\/\/www.hogaresfaustinollamas.org\/ammk\/wp-content\/uploads\/2025\/03\/san-maximiliano-maria-kolbe-destacada-ok.webp","contentUrl":"https:\/\/www.hogaresfaustinollamas.org\/ammk\/wp-content\/uploads\/2025\/03\/san-maximiliano-maria-kolbe-destacada-ok.webp","width":800,"height":533},{"@type":"BreadcrumbList","@id":"https:\/\/www.hogaresfaustinollamas.org\/ammk\/quien-fue-maximiliano-maria-kolbe\/#breadcrumb","itemListElement":[{"@type":"ListItem","position":1,"name":"Inicio","item":"https:\/\/www.hogaresfaustinollamas.org\/ammk\/"},{"@type":"ListItem","position":2,"name":"Qui\u00e9n fue Maximiliano Mar\u00eda Kolbe"}]},{"@type":"WebSite","@id":"https:\/\/www.hogaresfaustinollamas.org\/ammk\/#website","url":"https:\/\/www.hogaresfaustinollamas.org\/ammk\/","name":"ASOCIACI\u00d3N MAXIMILIANO MAR\u00cdA KOLBE, I.A.P","description":"CASA HOGAR","publisher":{"@id":"https:\/\/www.hogaresfaustinollamas.org\/ammk\/#organization"},"potentialAction":[{"@type":"SearchAction","target":{"@type":"EntryPoint","urlTemplate":"https:\/\/www.hogaresfaustinollamas.org\/ammk\/?s={search_term_string}"},"query-input":{"@type":"PropertyValueSpecification","valueRequired":true,"valueName":"search_term_string"}}],"inLanguage":"es"},{"@type":"Organization","@id":"https:\/\/www.hogaresfaustinollamas.org\/ammk\/#organization","name":"ASOCIACI\u00d3N MAXIMILIANO MAR\u00cdA KOLBE, I.A.P","url":"https:\/\/www.hogaresfaustinollamas.org\/ammk\/","logo":{"@type":"ImageObject","inLanguage":"es","@id":"https:\/\/www.hogaresfaustinollamas.org\/ammk\/#\/schema\/logo\/image\/","url":"https:\/\/www.hogaresfaustinollamas.org\/newammk\/wp-content\/uploads\/2025\/03\/logo-kolbe-web-120-px.png","contentUrl":"https:\/\/www.hogaresfaustinollamas.org\/newammk\/wp-content\/uploads\/2025\/03\/logo-kolbe-web-120-px.png","width":120,"height":120,"caption":"ASOCIACI\u00d3N MAXIMILIANO MAR\u00cdA KOLBE, I.A.P"},"image":{"@id":"https:\/\/www.hogaresfaustinollamas.org\/ammk\/#\/schema\/logo\/image\/"},"sameAs":["https:\/\/www.facebook.com\/casahogarmaximilianomariakolbe\/","https:\/\/www.instagram.com\/maximilianomkolbe\/"]},{"@type":"Person","@id":"https:\/\/www.hogaresfaustinollamas.org\/ammk\/#\/schema\/person\/0067b1ff926b8d2f5c6da896fefd5377","name":"Redacci\u00f3n Kolbe","image":{"@type":"ImageObject","inLanguage":"es","@id":"https:\/\/www.hogaresfaustinollamas.org\/ammk\/#\/schema\/person\/image\/","url":"https:\/\/secure.gravatar.com\/avatar\/4209718b5a1a050b57317a73caad0937ec9eccdb96217b9cd8e4848f133b1c1b?s=96&d=mm&r=g","contentUrl":"https:\/\/secure.gravatar.com\/avatar\/4209718b5a1a050b57317a73caad0937ec9eccdb96217b9cd8e4848f133b1c1b?s=96&d=mm&r=g","caption":"Redacci\u00f3n Kolbe"},"sameAs":["https:\/\/www.hogaresfaustinollamas.org"],"url":"https:\/\/www.hogaresfaustinollamas.org\/ammk\/author\/maricela\/"}]}},"_links":{"self":[{"href":"https:\/\/www.hogaresfaustinollamas.org\/ammk\/wp-json\/wp\/v2\/posts\/600","targetHints":{"allow":["GET"]}}],"collection":[{"href":"https:\/\/www.hogaresfaustinollamas.org\/ammk\/wp-json\/wp\/v2\/posts"}],"about":[{"href":"https:\/\/www.hogaresfaustinollamas.org\/ammk\/wp-json\/wp\/v2\/types\/post"}],"author":[{"embeddable":true,"href":"https:\/\/www.hogaresfaustinollamas.org\/ammk\/wp-json\/wp\/v2\/users\/2"}],"replies":[{"embeddable":true,"href":"https:\/\/www.hogaresfaustinollamas.org\/ammk\/wp-json\/wp\/v2\/comments?post=600"}],"version-history":[{"count":2,"href":"https:\/\/www.hogaresfaustinollamas.org\/ammk\/wp-json\/wp\/v2\/posts\/600\/revisions"}],"predecessor-version":[{"id":640,"href":"https:\/\/www.hogaresfaustinollamas.org\/ammk\/wp-json\/wp\/v2\/posts\/600\/revisions\/640"}],"wp:featuredmedia":[{"embeddable":true,"href":"https:\/\/www.hogaresfaustinollamas.org\/ammk\/wp-json\/wp\/v2\/media\/602"}],"wp:attachment":[{"href":"https:\/\/www.hogaresfaustinollamas.org\/ammk\/wp-json\/wp\/v2\/media?parent=600"}],"wp:term":[{"taxonomy":"category","embeddable":true,"href":"https:\/\/www.hogaresfaustinollamas.org\/ammk\/wp-json\/wp\/v2\/categories?post=600"},{"taxonomy":"post_tag","embeddable":true,"href":"https:\/\/www.hogaresfaustinollamas.org\/ammk\/wp-json\/wp\/v2\/tags?post=600"},{"taxonomy":"citadela-post-location","embeddable":true,"href":"https:\/\/www.hogaresfaustinollamas.org\/ammk\/wp-json\/wp\/v2\/citadela-post-location?post=600"}],"curies":[{"name":"wp","href":"https:\/\/api.w.org\/{rel}","templated":true}]}}