{"id":693,"date":"2019-03-12T00:41:00","date_gmt":"2019-03-12T00:41:00","guid":{"rendered":"https:\/\/www.hogaresfaustinollamas.org\/newammk\/?p=693"},"modified":"2025-11-11T17:12:21","modified_gmt":"2025-11-11T17:12:21","slug":"nuestra-historia","status":"publish","type":"post","link":"https:\/\/www.hogaresfaustinollamas.org\/ammk\/nuestra-historia\/","title":{"rendered":"Nuestra Historia"},"content":{"rendered":"\n<p>Dignificar vidas, sanar corazones<\/p>\n\n\n\n<p>Asociaci\u00f3n <em>Maximiliano Mar\u00eda Kolbe I.A.P.<\/em> naci\u00f3 como respuesta a una realidad que dol\u00eda y ped\u00eda esperanza.<br><br>En Quer\u00e9taro \u2014y en muchos rincones de M\u00e9xico\u2014 hab\u00eda mujeres viviendo en la calle, mujeres maltratadas, abusadas, abandonadas por su familia o por la sociedad. Mujeres cuya \u00fanica \u201cfalta\u201d era tener una discapacidad intelectual y psicosocial. Mujeres que necesitaban, m\u00e1s que compasi\u00f3n, una oportunidad.<\/p>\n\n\n\n<p>Kolbe fue la primera casa en Quer\u00e9taro en abrir sus puertas a <em>mujeres en situaci\u00f3n de pobreza con diagn\u00f3stico neurol\u00f3gico o psiqui\u00e1trico<\/em>, ofreci\u00e9ndoles no solo un techo, sino un hogar.<br>Un espacio donde ser escuchadas, atendidas, comprendidas\u2026 donde pudieran reconstruirse y volver a creer en la vida.<\/p>\n\n\n\n<p>Su fundador, el *Dr. Faustino Llamas Ibarra, ya hab\u00eda creado casas-hogar para mujeres con discapacidad intelectual que cargaban historias de dolor, pero tambi\u00e9n sue\u00f1os y potencial. Sin embargo, al mirar m\u00e1s de cerca, descubri\u00f3 que hab\u00eda una necesidad a\u00fan m\u00e1s profunda: mujeres que, adem\u00e1s de una discapacidad intelectual, viven tambi\u00e9n *<em>discapacidad psicosocial<\/em> \u2014como esquizofrenia, bipolaridad, ansiedad o depresi\u00f3n\u2014, y que viv\u00edan en el abandono m\u00e1s absoluto.<\/p>\n\n\n\n<p>Conmovido por esta realidad, el Dr. Llamas uni\u00f3 fuerzas con el <em>Patronato de la Pastoral Penitenciaria<\/em>, quienes confiaron en su visi\u00f3n y donaron un inmueble en desuso. Ese gesto de fe y solidaridad encendi\u00f3 la primera luz de Kolbe.<br>Un refugio f\u00edsico, emocional y espiritual donde cada mujer puede recibir atenci\u00f3n m\u00e9dica, nutricional, acompa\u00f1amiento terap\u00e9utico\u2026 y, sobre todo, <em>amor<\/em>.<\/p>\n\n\n\n<p>Desde su nacimiento en *2005, Kolbe ha crecido con el mismo prop\u00f3sito: *<em>dignificar vidas. Hoy, la asociaci\u00f3n cuenta con tres sedes \u2014Pe\u00f1uelas, Lomas y La Ca\u00f1ada<\/em>\u2014, cada una de ellas hogar de historias de superaci\u00f3n, ternura y esperanza.<\/p>\n\n\n\n<p>En <em>Asociaci\u00f3n Maximiliano Mar\u00eda Kolbe I.A.P.<\/em>, creemos que cada mujer merece una vida plena, un presente digno y un futuro lleno de oportunidades.<br>Porque <em>dignificar vidas no es solo nuestra misi\u00f3n\u2026 es nuestro camino.<\/em><\/p>\n","protected":false},"excerpt":{"rendered":"<p>Te invitamos a conocer c\u00f3mo naci\u00f3 la Asociaci\u00f3n Maximiliano Mar\u00eda Kolbe IAP.<\/p>\n","protected":false},"author":2,"featured_media":694,"comment_status":"open","ping_status":"closed","sticky":false,"template":"","format":"standard","meta":{"_citadela_custom_class":"","footnotes":""},"categories":[35,34,33],"tags":[41,40],"citadela-post-location":[],"class_list":["post-693","post","type-post","status-publish","format-standard","has-post-thumbnail","hentry","category-blog-destacada","category-destacada","category-quienes-somos","tag-antecedentes","tag-historia"],"yoast_head":"<!-- This site is optimized with the Yoast SEO plugin v26.4 - https:\/\/yoast.com\/wordpress\/plugins\/seo\/ -->\n<title>Nuestra Historia<\/title>\n<meta name=\"description\" content=\"Te invitamos a conocer c\u00f3mo naci\u00f3 la Asociaci\u00f3n Maximiliano Mar\u00eda Kolbe IAP., en Quer\u00e9taro. Para mujeres con discapasidad psicosocial\" \/>\n<meta name=\"robots\" content=\"index, follow, max-snippet:-1, max-image-preview:large, max-video-preview:-1\" \/>\n<link rel=\"canonical\" href=\"https:\/\/www.hogaresfaustinollamas.org\/ammk\/nuestra-historia\/\" \/>\n<meta property=\"og:locale\" content=\"es_MX\" \/>\n<meta property=\"og:type\" content=\"article\" \/>\n<meta property=\"og:title\" content=\"Nuestra Historia\" \/>\n<meta property=\"og:description\" content=\"Te invitamos a conocer c\u00f3mo naci\u00f3 la Asociaci\u00f3n Maximiliano Mar\u00eda Kolbe IAP., en Quer\u00e9taro. Para mujeres con discapasidad psicosocial\" \/>\n<meta property=\"og:url\" content=\"https:\/\/www.hogaresfaustinollamas.org\/ammk\/nuestra-historia\/\" \/>\n<meta property=\"og:site_name\" content=\"Maximiliano Mar\u00eda Kolbe IAP\" \/>\n<meta property=\"article:publisher\" content=\"https:\/\/www.facebook.com\/casahogarmaximilianomariakolbe\/\" \/>\n<meta property=\"article:published_time\" content=\"2019-03-12T00:41:00+00:00\" \/>\n<meta property=\"article:modified_time\" content=\"2025-11-11T17:12:21+00:00\" \/>\n<meta property=\"og:image\" content=\"https:\/\/www.hogaresfaustinollamas.org\/ammk\/wp-content\/uploads\/2025\/03\/nuestra-historia-kolbe-blog-destacada.webp\" \/>\n\t<meta property=\"og:image:width\" content=\"800\" \/>\n\t<meta property=\"og:image:height\" content=\"533\" \/>\n\t<meta property=\"og:image:type\" content=\"image\/webp\" \/>\n<meta name=\"author\" content=\"Redacci\u00f3n Kolbe\" \/>\n<meta name=\"twitter:card\" content=\"summary_large_image\" \/>\n<meta name=\"twitter:label1\" content=\"Escrito por\" \/>\n\t<meta name=\"twitter:data1\" content=\"Redacci\u00f3n Kolbe\" \/>\n\t<meta name=\"twitter:label2\" content=\"Tiempo de lectura\" \/>\n\t<meta name=\"twitter:data2\" content=\"2 minutos\" \/>\n<script type=\"application\/ld+json\" class=\"yoast-schema-graph\">{\"@context\":\"https:\/\/schema.org\",\"@graph\":[{\"@type\":\"Article\",\"@id\":\"https:\/\/www.hogaresfaustinollamas.org\/ammk\/nuestra-historia\/#article\",\"isPartOf\":{\"@id\":\"https:\/\/www.hogaresfaustinollamas.org\/ammk\/nuestra-historia\/\"},\"author\":{\"name\":\"Redacci\u00f3n Kolbe\",\"@id\":\"https:\/\/www.hogaresfaustinollamas.org\/ammk\/#\/schema\/person\/0067b1ff926b8d2f5c6da896fefd5377\"},\"headline\":\"Nuestra Historia\",\"datePublished\":\"2019-03-12T00:41:00+00:00\",\"dateModified\":\"2025-11-11T17:12:21+00:00\",\"mainEntityOfPage\":{\"@id\":\"https:\/\/www.hogaresfaustinollamas.org\/ammk\/nuestra-historia\/\"},\"wordCount\":354,\"commentCount\":0,\"publisher\":{\"@id\":\"https:\/\/www.hogaresfaustinollamas.org\/ammk\/#organization\"},\"image\":{\"@id\":\"https:\/\/www.hogaresfaustinollamas.org\/ammk\/nuestra-historia\/#primaryimage\"},\"thumbnailUrl\":\"https:\/\/www.hogaresfaustinollamas.org\/ammk\/wp-content\/uploads\/2025\/03\/nuestra-historia-kolbe-blog-destacada.webp\",\"keywords\":[\"Antecedentes\",\"Historia\"],\"articleSection\":[\"Blog Destacada\",\"Destacada\",\"Quienes Somos\"],\"inLanguage\":\"es\",\"potentialAction\":[{\"@type\":\"CommentAction\",\"name\":\"Comment\",\"target\":[\"https:\/\/www.hogaresfaustinollamas.org\/ammk\/nuestra-historia\/#respond\"]}]},{\"@type\":\"WebPage\",\"@id\":\"https:\/\/www.hogaresfaustinollamas.org\/ammk\/nuestra-historia\/\",\"url\":\"https:\/\/www.hogaresfaustinollamas.org\/ammk\/nuestra-historia\/\",\"name\":\"Nuestra Historia\",\"isPartOf\":{\"@id\":\"https:\/\/www.hogaresfaustinollamas.org\/ammk\/#website\"},\"primaryImageOfPage\":{\"@id\":\"https:\/\/www.hogaresfaustinollamas.org\/ammk\/nuestra-historia\/#primaryimage\"},\"image\":{\"@id\":\"https:\/\/www.hogaresfaustinollamas.org\/ammk\/nuestra-historia\/#primaryimage\"},\"thumbnailUrl\":\"https:\/\/www.hogaresfaustinollamas.org\/ammk\/wp-content\/uploads\/2025\/03\/nuestra-historia-kolbe-blog-destacada.webp\",\"datePublished\":\"2019-03-12T00:41:00+00:00\",\"dateModified\":\"2025-11-11T17:12:21+00:00\",\"description\":\"Te invitamos a conocer c\u00f3mo naci\u00f3 la Asociaci\u00f3n Maximiliano Mar\u00eda Kolbe IAP., en Quer\u00e9taro. Para mujeres con discapasidad psicosocial\",\"breadcrumb\":{\"@id\":\"https:\/\/www.hogaresfaustinollamas.org\/ammk\/nuestra-historia\/#breadcrumb\"},\"inLanguage\":\"es\",\"potentialAction\":[{\"@type\":\"ReadAction\",\"target\":[\"https:\/\/www.hogaresfaustinollamas.org\/ammk\/nuestra-historia\/\"]}]},{\"@type\":\"ImageObject\",\"inLanguage\":\"es\",\"@id\":\"https:\/\/www.hogaresfaustinollamas.org\/ammk\/nuestra-historia\/#primaryimage\",\"url\":\"https:\/\/www.hogaresfaustinollamas.org\/ammk\/wp-content\/uploads\/2025\/03\/nuestra-historia-kolbe-blog-destacada.webp\",\"contentUrl\":\"https:\/\/www.hogaresfaustinollamas.org\/ammk\/wp-content\/uploads\/2025\/03\/nuestra-historia-kolbe-blog-destacada.webp\",\"width\":800,\"height\":533},{\"@type\":\"BreadcrumbList\",\"@id\":\"https:\/\/www.hogaresfaustinollamas.org\/ammk\/nuestra-historia\/#breadcrumb\",\"itemListElement\":[{\"@type\":\"ListItem\",\"position\":1,\"name\":\"Inicio\",\"item\":\"https:\/\/www.hogaresfaustinollamas.org\/ammk\/\"},{\"@type\":\"ListItem\",\"position\":2,\"name\":\"Nuestra Historia\"}]},{\"@type\":\"WebSite\",\"@id\":\"https:\/\/www.hogaresfaustinollamas.org\/ammk\/#website\",\"url\":\"https:\/\/www.hogaresfaustinollamas.org\/ammk\/\",\"name\":\"ASOCIACI\u00d3N MAXIMILIANO MAR\u00cdA KOLBE, I.A.P\",\"description\":\"CASA HOGAR\",\"publisher\":{\"@id\":\"https:\/\/www.hogaresfaustinollamas.org\/ammk\/#organization\"},\"potentialAction\":[{\"@type\":\"SearchAction\",\"target\":{\"@type\":\"EntryPoint\",\"urlTemplate\":\"https:\/\/www.hogaresfaustinollamas.org\/ammk\/?s={search_term_string}\"},\"query-input\":{\"@type\":\"PropertyValueSpecification\",\"valueRequired\":true,\"valueName\":\"search_term_string\"}}],\"inLanguage\":\"es\"},{\"@type\":\"Organization\",\"@id\":\"https:\/\/www.hogaresfaustinollamas.org\/ammk\/#organization\",\"name\":\"ASOCIACI\u00d3N MAXIMILIANO MAR\u00cdA KOLBE, I.A.P\",\"url\":\"https:\/\/www.hogaresfaustinollamas.org\/ammk\/\",\"logo\":{\"@type\":\"ImageObject\",\"inLanguage\":\"es\",\"@id\":\"https:\/\/www.hogaresfaustinollamas.org\/ammk\/#\/schema\/logo\/image\/\",\"url\":\"https:\/\/www.hogaresfaustinollamas.org\/newammk\/wp-content\/uploads\/2025\/03\/logo-kolbe-web-120-px.png\",\"contentUrl\":\"https:\/\/www.hogaresfaustinollamas.org\/newammk\/wp-content\/uploads\/2025\/03\/logo-kolbe-web-120-px.png\",\"width\":120,\"height\":120,\"caption\":\"ASOCIACI\u00d3N MAXIMILIANO MAR\u00cdA KOLBE, I.A.P\"},\"image\":{\"@id\":\"https:\/\/www.hogaresfaustinollamas.org\/ammk\/#\/schema\/logo\/image\/\"},\"sameAs\":[\"https:\/\/www.facebook.com\/casahogarmaximilianomariakolbe\/\",\"https:\/\/www.instagram.com\/maximilianomkolbe\/\"]},{\"@type\":\"Person\",\"@id\":\"https:\/\/www.hogaresfaustinollamas.org\/ammk\/#\/schema\/person\/0067b1ff926b8d2f5c6da896fefd5377\",\"name\":\"Redacci\u00f3n Kolbe\",\"image\":{\"@type\":\"ImageObject\",\"inLanguage\":\"es\",\"@id\":\"https:\/\/www.hogaresfaustinollamas.org\/ammk\/#\/schema\/person\/image\/\",\"url\":\"https:\/\/secure.gravatar.com\/avatar\/4209718b5a1a050b57317a73caad0937ec9eccdb96217b9cd8e4848f133b1c1b?s=96&d=mm&r=g\",\"contentUrl\":\"https:\/\/secure.gravatar.com\/avatar\/4209718b5a1a050b57317a73caad0937ec9eccdb96217b9cd8e4848f133b1c1b?s=96&d=mm&r=g\",\"caption\":\"Redacci\u00f3n Kolbe\"},\"sameAs\":[\"https:\/\/www.hogaresfaustinollamas.org\"],\"url\":\"https:\/\/www.hogaresfaustinollamas.org\/ammk\/author\/maricela\/\"}]}<\/script>\n<!-- \/ Yoast SEO plugin. -->","yoast_head_json":{"title":"Nuestra Historia","description":"Te invitamos a conocer c\u00f3mo naci\u00f3 la Asociaci\u00f3n Maximiliano Mar\u00eda Kolbe IAP., en Quer\u00e9taro. Para mujeres con discapasidad psicosocial","robots":{"index":"index","follow":"follow","max-snippet":"max-snippet:-1","max-image-preview":"max-image-preview:large","max-video-preview":"max-video-preview:-1"},"canonical":"https:\/\/www.hogaresfaustinollamas.org\/ammk\/nuestra-historia\/","og_locale":"es_MX","og_type":"article","og_title":"Nuestra Historia","og_description":"Te invitamos a conocer c\u00f3mo naci\u00f3 la Asociaci\u00f3n Maximiliano Mar\u00eda Kolbe IAP., en Quer\u00e9taro. Para mujeres con discapasidad psicosocial","og_url":"https:\/\/www.hogaresfaustinollamas.org\/ammk\/nuestra-historia\/","og_site_name":"Maximiliano Mar\u00eda Kolbe IAP","article_publisher":"https:\/\/www.facebook.com\/casahogarmaximilianomariakolbe\/","article_published_time":"2019-03-12T00:41:00+00:00","article_modified_time":"2025-11-11T17:12:21+00:00","og_image":[{"width":800,"height":533,"url":"https:\/\/www.hogaresfaustinollamas.org\/ammk\/wp-content\/uploads\/2025\/03\/nuestra-historia-kolbe-blog-destacada.webp","type":"image\/webp"}],"author":"Redacci\u00f3n Kolbe","twitter_card":"summary_large_image","twitter_misc":{"Escrito por":"Redacci\u00f3n Kolbe","Tiempo de lectura":"2 minutos"},"schema":{"@context":"https:\/\/schema.org","@graph":[{"@type":"Article","@id":"https:\/\/www.hogaresfaustinollamas.org\/ammk\/nuestra-historia\/#article","isPartOf":{"@id":"https:\/\/www.hogaresfaustinollamas.org\/ammk\/nuestra-historia\/"},"author":{"name":"Redacci\u00f3n Kolbe","@id":"https:\/\/www.hogaresfaustinollamas.org\/ammk\/#\/schema\/person\/0067b1ff926b8d2f5c6da896fefd5377"},"headline":"Nuestra Historia","datePublished":"2019-03-12T00:41:00+00:00","dateModified":"2025-11-11T17:12:21+00:00","mainEntityOfPage":{"@id":"https:\/\/www.hogaresfaustinollamas.org\/ammk\/nuestra-historia\/"},"wordCount":354,"commentCount":0,"publisher":{"@id":"https:\/\/www.hogaresfaustinollamas.org\/ammk\/#organization"},"image":{"@id":"https:\/\/www.hogaresfaustinollamas.org\/ammk\/nuestra-historia\/#primaryimage"},"thumbnailUrl":"https:\/\/www.hogaresfaustinollamas.org\/ammk\/wp-content\/uploads\/2025\/03\/nuestra-historia-kolbe-blog-destacada.webp","keywords":["Antecedentes","Historia"],"articleSection":["Blog Destacada","Destacada","Quienes Somos"],"inLanguage":"es","potentialAction":[{"@type":"CommentAction","name":"Comment","target":["https:\/\/www.hogaresfaustinollamas.org\/ammk\/nuestra-historia\/#respond"]}]},{"@type":"WebPage","@id":"https:\/\/www.hogaresfaustinollamas.org\/ammk\/nuestra-historia\/","url":"https:\/\/www.hogaresfaustinollamas.org\/ammk\/nuestra-historia\/","name":"Nuestra Historia","isPartOf":{"@id":"https:\/\/www.hogaresfaustinollamas.org\/ammk\/#website"},"primaryImageOfPage":{"@id":"https:\/\/www.hogaresfaustinollamas.org\/ammk\/nuestra-historia\/#primaryimage"},"image":{"@id":"https:\/\/www.hogaresfaustinollamas.org\/ammk\/nuestra-historia\/#primaryimage"},"thumbnailUrl":"https:\/\/www.hogaresfaustinollamas.org\/ammk\/wp-content\/uploads\/2025\/03\/nuestra-historia-kolbe-blog-destacada.webp","datePublished":"2019-03-12T00:41:00+00:00","dateModified":"2025-11-11T17:12:21+00:00","description":"Te invitamos a conocer c\u00f3mo naci\u00f3 la Asociaci\u00f3n Maximiliano Mar\u00eda Kolbe IAP., en Quer\u00e9taro. Para mujeres con discapasidad psicosocial","breadcrumb":{"@id":"https:\/\/www.hogaresfaustinollamas.org\/ammk\/nuestra-historia\/#breadcrumb"},"inLanguage":"es","potentialAction":[{"@type":"ReadAction","target":["https:\/\/www.hogaresfaustinollamas.org\/ammk\/nuestra-historia\/"]}]},{"@type":"ImageObject","inLanguage":"es","@id":"https:\/\/www.hogaresfaustinollamas.org\/ammk\/nuestra-historia\/#primaryimage","url":"https:\/\/www.hogaresfaustinollamas.org\/ammk\/wp-content\/uploads\/2025\/03\/nuestra-historia-kolbe-blog-destacada.webp","contentUrl":"https:\/\/www.hogaresfaustinollamas.org\/ammk\/wp-content\/uploads\/2025\/03\/nuestra-historia-kolbe-blog-destacada.webp","width":800,"height":533},{"@type":"BreadcrumbList","@id":"https:\/\/www.hogaresfaustinollamas.org\/ammk\/nuestra-historia\/#breadcrumb","itemListElement":[{"@type":"ListItem","position":1,"name":"Inicio","item":"https:\/\/www.hogaresfaustinollamas.org\/ammk\/"},{"@type":"ListItem","position":2,"name":"Nuestra Historia"}]},{"@type":"WebSite","@id":"https:\/\/www.hogaresfaustinollamas.org\/ammk\/#website","url":"https:\/\/www.hogaresfaustinollamas.org\/ammk\/","name":"ASOCIACI\u00d3N MAXIMILIANO MAR\u00cdA KOLBE, I.A.P","description":"CASA HOGAR","publisher":{"@id":"https:\/\/www.hogaresfaustinollamas.org\/ammk\/#organization"},"potentialAction":[{"@type":"SearchAction","target":{"@type":"EntryPoint","urlTemplate":"https:\/\/www.hogaresfaustinollamas.org\/ammk\/?s={search_term_string}"},"query-input":{"@type":"PropertyValueSpecification","valueRequired":true,"valueName":"search_term_string"}}],"inLanguage":"es"},{"@type":"Organization","@id":"https:\/\/www.hogaresfaustinollamas.org\/ammk\/#organization","name":"ASOCIACI\u00d3N MAXIMILIANO MAR\u00cdA KOLBE, I.A.P","url":"https:\/\/www.hogaresfaustinollamas.org\/ammk\/","logo":{"@type":"ImageObject","inLanguage":"es","@id":"https:\/\/www.hogaresfaustinollamas.org\/ammk\/#\/schema\/logo\/image\/","url":"https:\/\/www.hogaresfaustinollamas.org\/newammk\/wp-content\/uploads\/2025\/03\/logo-kolbe-web-120-px.png","contentUrl":"https:\/\/www.hogaresfaustinollamas.org\/newammk\/wp-content\/uploads\/2025\/03\/logo-kolbe-web-120-px.png","width":120,"height":120,"caption":"ASOCIACI\u00d3N MAXIMILIANO MAR\u00cdA KOLBE, I.A.P"},"image":{"@id":"https:\/\/www.hogaresfaustinollamas.org\/ammk\/#\/schema\/logo\/image\/"},"sameAs":["https:\/\/www.facebook.com\/casahogarmaximilianomariakolbe\/","https:\/\/www.instagram.com\/maximilianomkolbe\/"]},{"@type":"Person","@id":"https:\/\/www.hogaresfaustinollamas.org\/ammk\/#\/schema\/person\/0067b1ff926b8d2f5c6da896fefd5377","name":"Redacci\u00f3n Kolbe","image":{"@type":"ImageObject","inLanguage":"es","@id":"https:\/\/www.hogaresfaustinollamas.org\/ammk\/#\/schema\/person\/image\/","url":"https:\/\/secure.gravatar.com\/avatar\/4209718b5a1a050b57317a73caad0937ec9eccdb96217b9cd8e4848f133b1c1b?s=96&d=mm&r=g","contentUrl":"https:\/\/secure.gravatar.com\/avatar\/4209718b5a1a050b57317a73caad0937ec9eccdb96217b9cd8e4848f133b1c1b?s=96&d=mm&r=g","caption":"Redacci\u00f3n Kolbe"},"sameAs":["https:\/\/www.hogaresfaustinollamas.org"],"url":"https:\/\/www.hogaresfaustinollamas.org\/ammk\/author\/maricela\/"}]}},"_links":{"self":[{"href":"https:\/\/www.hogaresfaustinollamas.org\/ammk\/wp-json\/wp\/v2\/posts\/693","targetHints":{"allow":["GET"]}}],"collection":[{"href":"https:\/\/www.hogaresfaustinollamas.org\/ammk\/wp-json\/wp\/v2\/posts"}],"about":[{"href":"https:\/\/www.hogaresfaustinollamas.org\/ammk\/wp-json\/wp\/v2\/types\/post"}],"author":[{"embeddable":true,"href":"https:\/\/www.hogaresfaustinollamas.org\/ammk\/wp-json\/wp\/v2\/users\/2"}],"replies":[{"embeddable":true,"href":"https:\/\/www.hogaresfaustinollamas.org\/ammk\/wp-json\/wp\/v2\/comments?post=693"}],"version-history":[{"count":2,"href":"https:\/\/www.hogaresfaustinollamas.org\/ammk\/wp-json\/wp\/v2\/posts\/693\/revisions"}],"predecessor-version":[{"id":787,"href":"https:\/\/www.hogaresfaustinollamas.org\/ammk\/wp-json\/wp\/v2\/posts\/693\/revisions\/787"}],"wp:featuredmedia":[{"embeddable":true,"href":"https:\/\/www.hogaresfaustinollamas.org\/ammk\/wp-json\/wp\/v2\/media\/694"}],"wp:attachment":[{"href":"https:\/\/www.hogaresfaustinollamas.org\/ammk\/wp-json\/wp\/v2\/media?parent=693"}],"wp:term":[{"taxonomy":"category","embeddable":true,"href":"https:\/\/www.hogaresfaustinollamas.org\/ammk\/wp-json\/wp\/v2\/categories?post=693"},{"taxonomy":"post_tag","embeddable":true,"href":"https:\/\/www.hogaresfaustinollamas.org\/ammk\/wp-json\/wp\/v2\/tags?post=693"},{"taxonomy":"citadela-post-location","embeddable":true,"href":"https:\/\/www.hogaresfaustinollamas.org\/ammk\/wp-json\/wp\/v2\/citadela-post-location?post=693"}],"curies":[{"name":"wp","href":"https:\/\/api.w.org\/{rel}","templated":true}]}}