{"id":781,"date":"2025-11-20T19:11:00","date_gmt":"2025-11-20T19:11:00","guid":{"rendered":"https:\/\/www.hogaresfaustinollamas.org\/newammk\/?p=781"},"modified":"2025-11-24T17:08:13","modified_gmt":"2025-11-24T17:08:13","slug":"carrera-de-la-esperanza-2025","status":"publish","type":"post","link":"https:\/\/www.hogaresfaustinollamas.org\/ammk\/carrera-de-la-esperanza-2025\/","title":{"rendered":"Carrera de la Esperanza 2026"},"content":{"rendered":"\n<p>Una carrera que se realiza todos los a\u00f1os en apoyo a diversas Casas Hogar de Quer\u00e9taro.<\/p>\n\n\n\n<p>Inscr\u00edbete, divi\u00e9rtete y apoya <\/p>\n\n\n\n<p>CONVOCATORIA CARRERA 2026<\/p>\n\n\n\n<p>Fundaci\u00f3n Merced Quer\u00e9taro AC, DIF Estatal y Patronato de la Torre de la Esperanza, con el aval de la Asociaci\u00f3n Queretana de Atletismo invitan a la:<\/p>\n\n\n\n<h2 class=\"wp-block-heading\">16va CARRERA DE LA ESPERANZA<\/h2>\n\n\n\n<p>CONVOCATORIA CARRERA 2026<\/p>\n\n\n\n<p>FECHA: Domingo 6 de septiembre del 2026.<br>LUGAR: Salida a las 7:30 a.m. Av. Constituyentes y Av. Pasteur Sur, frente a la \u201cTorre de la Esperanza\u201d Centro Cultural Manuel G\u00f3mez Morin.<br>DONATIVO: $450 pesos p\/p<\/p>\n\n\n\n<p>TODO lo recaudado de las inscripciones ser\u00e1 a beneficio de 14 Casas Hogar de Quer\u00e9taro. No reembolsable.<\/p>\n\n\n\n<p>Rama: Varonil, femenil, infantil. <strong>Distancia: 15, 10, 5 y 3 kms.<\/strong><\/p>\n\n\n\n<p><a href=\"https:\/\/api.whatsapp.com\/send?phone=4426693440&amp;text=Me%20interesa%20saber%20m%C3%A1s%20acerca%20de:\" target=\"_blank\" rel=\"noreferrer noopener\"><strong>Puedes comprar tus boletos directamente en  Casa Hogar Maximiliano Marr\u00eda Kolbe al cel:<br>442 669 3440<\/strong><\/a><\/p>\n\n\n\n<p><\/p>\n\n\n\n<p>NOTA IMPORTANTE:\u00a0 Despu\u00e9s de comprar tu boleto no olvides registrarte en l\u00ednea en <strong>www.aqsports.com.mx\/inscribete\/\u00a0<\/strong>. Recibir\u00e1s por mail un<strong> comprobante de registro.<\/strong><\/p>\n\n\n\n<p>TODO lo recaudado de las inscripciones ser\u00e1 a beneficio de  Casas Hogar de Quer\u00e9taro. No reembolsable.<\/p>\n\n\n\n<p>Consulta las bases PR\u00d3XIMAMENTE<\/p>\n","protected":false},"excerpt":{"rendered":"<p>\u00a1Haz ejercicio, divi\u00e9rtete y apoya una buena causa! Lo recaudado de las inscripciones ser\u00e1 a beneficio de 14 Casas Hogar de Quer\u00e9taro.<\/p>\n","protected":false},"author":2,"featured_media":836,"comment_status":"open","ping_status":"closed","sticky":false,"template":"","format":"standard","meta":{"_citadela_custom_class":"","footnotes":""},"categories":[45,30],"tags":[],"citadela-post-location":[],"class_list":["post-781","post","type-post","status-publish","format-standard","has-post-thumbnail","hentry","category-como-ayudar","category-eventos-de-recaudacion-proximos"],"yoast_head":"<!-- This site is optimized with the Yoast SEO plugin v26.4 - https:\/\/yoast.com\/wordpress\/plugins\/seo\/ -->\n<title>Carrera de la Esperanza 2026 - Maximiliano Mar\u00eda Kolbe IAP<\/title>\n<meta name=\"robots\" content=\"index, follow, max-snippet:-1, max-image-preview:large, max-video-preview:-1\" \/>\n<link rel=\"canonical\" href=\"https:\/\/www.hogaresfaustinollamas.org\/ammk\/carrera-de-la-esperanza-2025\/\" \/>\n<meta property=\"og:locale\" content=\"es_MX\" \/>\n<meta property=\"og:type\" content=\"article\" \/>\n<meta property=\"og:title\" content=\"Carrera de la Esperanza 2026 - Maximiliano Mar\u00eda Kolbe IAP\" \/>\n<meta property=\"og:description\" content=\"\u00a1Haz ejercicio, divi\u00e9rtete y apoya una buena causa! Lo recaudado de las inscripciones ser\u00e1 a beneficio de 14 Casas Hogar de Quer\u00e9taro.\" \/>\n<meta property=\"og:url\" content=\"https:\/\/www.hogaresfaustinollamas.org\/ammk\/carrera-de-la-esperanza-2025\/\" \/>\n<meta property=\"og:site_name\" content=\"Maximiliano Mar\u00eda Kolbe IAP\" \/>\n<meta property=\"article:publisher\" content=\"https:\/\/www.facebook.com\/casahogarmaximilianomariakolbe\/\" \/>\n<meta property=\"article:published_time\" content=\"2025-11-20T19:11:00+00:00\" \/>\n<meta property=\"article:modified_time\" content=\"2025-11-24T17:08:13+00:00\" \/>\n<meta property=\"og:image\" content=\"https:\/\/www.hogaresfaustinollamas.org\/ammk\/wp-content\/uploads\/2025\/07\/carrera-de-la-esperanza-2026-provisional-800px.webp\" \/>\n\t<meta property=\"og:image:width\" content=\"800\" \/>\n\t<meta property=\"og:image:height\" content=\"531\" \/>\n\t<meta property=\"og:image:type\" content=\"image\/webp\" \/>\n<meta name=\"author\" content=\"Redacci\u00f3n Kolbe\" \/>\n<meta name=\"twitter:card\" content=\"summary_large_image\" \/>\n<meta name=\"twitter:label1\" content=\"Escrito por\" \/>\n\t<meta name=\"twitter:data1\" content=\"Redacci\u00f3n Kolbe\" \/>\n\t<meta name=\"twitter:label2\" content=\"Tiempo de lectura\" \/>\n\t<meta name=\"twitter:data2\" content=\"2 minutos\" \/>\n<script type=\"application\/ld+json\" class=\"yoast-schema-graph\">{\"@context\":\"https:\/\/schema.org\",\"@graph\":[{\"@type\":\"Article\",\"@id\":\"https:\/\/www.hogaresfaustinollamas.org\/ammk\/carrera-de-la-esperanza-2025\/#article\",\"isPartOf\":{\"@id\":\"https:\/\/www.hogaresfaustinollamas.org\/ammk\/carrera-de-la-esperanza-2025\/\"},\"author\":{\"name\":\"Redacci\u00f3n Kolbe\",\"@id\":\"https:\/\/www.hogaresfaustinollamas.org\/ammk\/#\/schema\/person\/0067b1ff926b8d2f5c6da896fefd5377\"},\"headline\":\"Carrera de la Esperanza 2026\",\"datePublished\":\"2025-11-20T19:11:00+00:00\",\"dateModified\":\"2025-11-24T17:08:13+00:00\",\"mainEntityOfPage\":{\"@id\":\"https:\/\/www.hogaresfaustinollamas.org\/ammk\/carrera-de-la-esperanza-2025\/\"},\"wordCount\":188,\"commentCount\":0,\"publisher\":{\"@id\":\"https:\/\/www.hogaresfaustinollamas.org\/ammk\/#organization\"},\"image\":{\"@id\":\"https:\/\/www.hogaresfaustinollamas.org\/ammk\/carrera-de-la-esperanza-2025\/#primaryimage\"},\"thumbnailUrl\":\"https:\/\/www.hogaresfaustinollamas.org\/ammk\/wp-content\/uploads\/2025\/07\/carrera-de-la-esperanza-2026-provisional-800px.webp\",\"articleSection\":[\"Como aydar\",\"Eventos de Recaudaci\u00f3n Pr\u00f3ximos\"],\"inLanguage\":\"es\",\"potentialAction\":[{\"@type\":\"CommentAction\",\"name\":\"Comment\",\"target\":[\"https:\/\/www.hogaresfaustinollamas.org\/ammk\/carrera-de-la-esperanza-2025\/#respond\"]}]},{\"@type\":\"WebPage\",\"@id\":\"https:\/\/www.hogaresfaustinollamas.org\/ammk\/carrera-de-la-esperanza-2025\/\",\"url\":\"https:\/\/www.hogaresfaustinollamas.org\/ammk\/carrera-de-la-esperanza-2025\/\",\"name\":\"Carrera de la Esperanza 2026 - Maximiliano Mar\u00eda Kolbe IAP\",\"isPartOf\":{\"@id\":\"https:\/\/www.hogaresfaustinollamas.org\/ammk\/#website\"},\"primaryImageOfPage\":{\"@id\":\"https:\/\/www.hogaresfaustinollamas.org\/ammk\/carrera-de-la-esperanza-2025\/#primaryimage\"},\"image\":{\"@id\":\"https:\/\/www.hogaresfaustinollamas.org\/ammk\/carrera-de-la-esperanza-2025\/#primaryimage\"},\"thumbnailUrl\":\"https:\/\/www.hogaresfaustinollamas.org\/ammk\/wp-content\/uploads\/2025\/07\/carrera-de-la-esperanza-2026-provisional-800px.webp\",\"datePublished\":\"2025-11-20T19:11:00+00:00\",\"dateModified\":\"2025-11-24T17:08:13+00:00\",\"breadcrumb\":{\"@id\":\"https:\/\/www.hogaresfaustinollamas.org\/ammk\/carrera-de-la-esperanza-2025\/#breadcrumb\"},\"inLanguage\":\"es\",\"potentialAction\":[{\"@type\":\"ReadAction\",\"target\":[\"https:\/\/www.hogaresfaustinollamas.org\/ammk\/carrera-de-la-esperanza-2025\/\"]}]},{\"@type\":\"ImageObject\",\"inLanguage\":\"es\",\"@id\":\"https:\/\/www.hogaresfaustinollamas.org\/ammk\/carrera-de-la-esperanza-2025\/#primaryimage\",\"url\":\"https:\/\/www.hogaresfaustinollamas.org\/ammk\/wp-content\/uploads\/2025\/07\/carrera-de-la-esperanza-2026-provisional-800px.webp\",\"contentUrl\":\"https:\/\/www.hogaresfaustinollamas.org\/ammk\/wp-content\/uploads\/2025\/07\/carrera-de-la-esperanza-2026-provisional-800px.webp\",\"width\":800,\"height\":531},{\"@type\":\"BreadcrumbList\",\"@id\":\"https:\/\/www.hogaresfaustinollamas.org\/ammk\/carrera-de-la-esperanza-2025\/#breadcrumb\",\"itemListElement\":[{\"@type\":\"ListItem\",\"position\":1,\"name\":\"Inicio\",\"item\":\"https:\/\/www.hogaresfaustinollamas.org\/ammk\/\"},{\"@type\":\"ListItem\",\"position\":2,\"name\":\"Carrera de la Esperanza 2026\"}]},{\"@type\":\"WebSite\",\"@id\":\"https:\/\/www.hogaresfaustinollamas.org\/ammk\/#website\",\"url\":\"https:\/\/www.hogaresfaustinollamas.org\/ammk\/\",\"name\":\"ASOCIACI\u00d3N MAXIMILIANO MAR\u00cdA KOLBE, I.A.P\",\"description\":\"CASA HOGAR\",\"publisher\":{\"@id\":\"https:\/\/www.hogaresfaustinollamas.org\/ammk\/#organization\"},\"potentialAction\":[{\"@type\":\"SearchAction\",\"target\":{\"@type\":\"EntryPoint\",\"urlTemplate\":\"https:\/\/www.hogaresfaustinollamas.org\/ammk\/?s={search_term_string}\"},\"query-input\":{\"@type\":\"PropertyValueSpecification\",\"valueRequired\":true,\"valueName\":\"search_term_string\"}}],\"inLanguage\":\"es\"},{\"@type\":\"Organization\",\"@id\":\"https:\/\/www.hogaresfaustinollamas.org\/ammk\/#organization\",\"name\":\"ASOCIACI\u00d3N MAXIMILIANO MAR\u00cdA KOLBE, I.A.P\",\"url\":\"https:\/\/www.hogaresfaustinollamas.org\/ammk\/\",\"logo\":{\"@type\":\"ImageObject\",\"inLanguage\":\"es\",\"@id\":\"https:\/\/www.hogaresfaustinollamas.org\/ammk\/#\/schema\/logo\/image\/\",\"url\":\"https:\/\/www.hogaresfaustinollamas.org\/newammk\/wp-content\/uploads\/2025\/03\/logo-kolbe-web-120-px.png\",\"contentUrl\":\"https:\/\/www.hogaresfaustinollamas.org\/newammk\/wp-content\/uploads\/2025\/03\/logo-kolbe-web-120-px.png\",\"width\":120,\"height\":120,\"caption\":\"ASOCIACI\u00d3N MAXIMILIANO MAR\u00cdA KOLBE, I.A.P\"},\"image\":{\"@id\":\"https:\/\/www.hogaresfaustinollamas.org\/ammk\/#\/schema\/logo\/image\/\"},\"sameAs\":[\"https:\/\/www.facebook.com\/casahogarmaximilianomariakolbe\/\",\"https:\/\/www.instagram.com\/maximilianomkolbe\/\"]},{\"@type\":\"Person\",\"@id\":\"https:\/\/www.hogaresfaustinollamas.org\/ammk\/#\/schema\/person\/0067b1ff926b8d2f5c6da896fefd5377\",\"name\":\"Redacci\u00f3n Kolbe\",\"image\":{\"@type\":\"ImageObject\",\"inLanguage\":\"es\",\"@id\":\"https:\/\/www.hogaresfaustinollamas.org\/ammk\/#\/schema\/person\/image\/\",\"url\":\"https:\/\/secure.gravatar.com\/avatar\/4209718b5a1a050b57317a73caad0937ec9eccdb96217b9cd8e4848f133b1c1b?s=96&d=mm&r=g\",\"contentUrl\":\"https:\/\/secure.gravatar.com\/avatar\/4209718b5a1a050b57317a73caad0937ec9eccdb96217b9cd8e4848f133b1c1b?s=96&d=mm&r=g\",\"caption\":\"Redacci\u00f3n Kolbe\"},\"sameAs\":[\"https:\/\/www.hogaresfaustinollamas.org\"],\"url\":\"https:\/\/www.hogaresfaustinollamas.org\/ammk\/author\/maricela\/\"}]}<\/script>\n<!-- \/ Yoast SEO plugin. -->","yoast_head_json":{"title":"Carrera de la Esperanza 2026 - Maximiliano Mar\u00eda Kolbe IAP","robots":{"index":"index","follow":"follow","max-snippet":"max-snippet:-1","max-image-preview":"max-image-preview:large","max-video-preview":"max-video-preview:-1"},"canonical":"https:\/\/www.hogaresfaustinollamas.org\/ammk\/carrera-de-la-esperanza-2025\/","og_locale":"es_MX","og_type":"article","og_title":"Carrera de la Esperanza 2026 - Maximiliano Mar\u00eda Kolbe IAP","og_description":"\u00a1Haz ejercicio, divi\u00e9rtete y apoya una buena causa! Lo recaudado de las inscripciones ser\u00e1 a beneficio de 14 Casas Hogar de Quer\u00e9taro.","og_url":"https:\/\/www.hogaresfaustinollamas.org\/ammk\/carrera-de-la-esperanza-2025\/","og_site_name":"Maximiliano Mar\u00eda Kolbe IAP","article_publisher":"https:\/\/www.facebook.com\/casahogarmaximilianomariakolbe\/","article_published_time":"2025-11-20T19:11:00+00:00","article_modified_time":"2025-11-24T17:08:13+00:00","og_image":[{"width":800,"height":531,"url":"https:\/\/www.hogaresfaustinollamas.org\/ammk\/wp-content\/uploads\/2025\/07\/carrera-de-la-esperanza-2026-provisional-800px.webp","type":"image\/webp"}],"author":"Redacci\u00f3n Kolbe","twitter_card":"summary_large_image","twitter_misc":{"Escrito por":"Redacci\u00f3n Kolbe","Tiempo de lectura":"2 minutos"},"schema":{"@context":"https:\/\/schema.org","@graph":[{"@type":"Article","@id":"https:\/\/www.hogaresfaustinollamas.org\/ammk\/carrera-de-la-esperanza-2025\/#article","isPartOf":{"@id":"https:\/\/www.hogaresfaustinollamas.org\/ammk\/carrera-de-la-esperanza-2025\/"},"author":{"name":"Redacci\u00f3n Kolbe","@id":"https:\/\/www.hogaresfaustinollamas.org\/ammk\/#\/schema\/person\/0067b1ff926b8d2f5c6da896fefd5377"},"headline":"Carrera de la Esperanza 2026","datePublished":"2025-11-20T19:11:00+00:00","dateModified":"2025-11-24T17:08:13+00:00","mainEntityOfPage":{"@id":"https:\/\/www.hogaresfaustinollamas.org\/ammk\/carrera-de-la-esperanza-2025\/"},"wordCount":188,"commentCount":0,"publisher":{"@id":"https:\/\/www.hogaresfaustinollamas.org\/ammk\/#organization"},"image":{"@id":"https:\/\/www.hogaresfaustinollamas.org\/ammk\/carrera-de-la-esperanza-2025\/#primaryimage"},"thumbnailUrl":"https:\/\/www.hogaresfaustinollamas.org\/ammk\/wp-content\/uploads\/2025\/07\/carrera-de-la-esperanza-2026-provisional-800px.webp","articleSection":["Como aydar","Eventos de Recaudaci\u00f3n Pr\u00f3ximos"],"inLanguage":"es","potentialAction":[{"@type":"CommentAction","name":"Comment","target":["https:\/\/www.hogaresfaustinollamas.org\/ammk\/carrera-de-la-esperanza-2025\/#respond"]}]},{"@type":"WebPage","@id":"https:\/\/www.hogaresfaustinollamas.org\/ammk\/carrera-de-la-esperanza-2025\/","url":"https:\/\/www.hogaresfaustinollamas.org\/ammk\/carrera-de-la-esperanza-2025\/","name":"Carrera de la Esperanza 2026 - Maximiliano Mar\u00eda Kolbe IAP","isPartOf":{"@id":"https:\/\/www.hogaresfaustinollamas.org\/ammk\/#website"},"primaryImageOfPage":{"@id":"https:\/\/www.hogaresfaustinollamas.org\/ammk\/carrera-de-la-esperanza-2025\/#primaryimage"},"image":{"@id":"https:\/\/www.hogaresfaustinollamas.org\/ammk\/carrera-de-la-esperanza-2025\/#primaryimage"},"thumbnailUrl":"https:\/\/www.hogaresfaustinollamas.org\/ammk\/wp-content\/uploads\/2025\/07\/carrera-de-la-esperanza-2026-provisional-800px.webp","datePublished":"2025-11-20T19:11:00+00:00","dateModified":"2025-11-24T17:08:13+00:00","breadcrumb":{"@id":"https:\/\/www.hogaresfaustinollamas.org\/ammk\/carrera-de-la-esperanza-2025\/#breadcrumb"},"inLanguage":"es","potentialAction":[{"@type":"ReadAction","target":["https:\/\/www.hogaresfaustinollamas.org\/ammk\/carrera-de-la-esperanza-2025\/"]}]},{"@type":"ImageObject","inLanguage":"es","@id":"https:\/\/www.hogaresfaustinollamas.org\/ammk\/carrera-de-la-esperanza-2025\/#primaryimage","url":"https:\/\/www.hogaresfaustinollamas.org\/ammk\/wp-content\/uploads\/2025\/07\/carrera-de-la-esperanza-2026-provisional-800px.webp","contentUrl":"https:\/\/www.hogaresfaustinollamas.org\/ammk\/wp-content\/uploads\/2025\/07\/carrera-de-la-esperanza-2026-provisional-800px.webp","width":800,"height":531},{"@type":"BreadcrumbList","@id":"https:\/\/www.hogaresfaustinollamas.org\/ammk\/carrera-de-la-esperanza-2025\/#breadcrumb","itemListElement":[{"@type":"ListItem","position":1,"name":"Inicio","item":"https:\/\/www.hogaresfaustinollamas.org\/ammk\/"},{"@type":"ListItem","position":2,"name":"Carrera de la Esperanza 2026"}]},{"@type":"WebSite","@id":"https:\/\/www.hogaresfaustinollamas.org\/ammk\/#website","url":"https:\/\/www.hogaresfaustinollamas.org\/ammk\/","name":"ASOCIACI\u00d3N MAXIMILIANO MAR\u00cdA KOLBE, I.A.P","description":"CASA HOGAR","publisher":{"@id":"https:\/\/www.hogaresfaustinollamas.org\/ammk\/#organization"},"potentialAction":[{"@type":"SearchAction","target":{"@type":"EntryPoint","urlTemplate":"https:\/\/www.hogaresfaustinollamas.org\/ammk\/?s={search_term_string}"},"query-input":{"@type":"PropertyValueSpecification","valueRequired":true,"valueName":"search_term_string"}}],"inLanguage":"es"},{"@type":"Organization","@id":"https:\/\/www.hogaresfaustinollamas.org\/ammk\/#organization","name":"ASOCIACI\u00d3N MAXIMILIANO MAR\u00cdA KOLBE, I.A.P","url":"https:\/\/www.hogaresfaustinollamas.org\/ammk\/","logo":{"@type":"ImageObject","inLanguage":"es","@id":"https:\/\/www.hogaresfaustinollamas.org\/ammk\/#\/schema\/logo\/image\/","url":"https:\/\/www.hogaresfaustinollamas.org\/newammk\/wp-content\/uploads\/2025\/03\/logo-kolbe-web-120-px.png","contentUrl":"https:\/\/www.hogaresfaustinollamas.org\/newammk\/wp-content\/uploads\/2025\/03\/logo-kolbe-web-120-px.png","width":120,"height":120,"caption":"ASOCIACI\u00d3N MAXIMILIANO MAR\u00cdA KOLBE, I.A.P"},"image":{"@id":"https:\/\/www.hogaresfaustinollamas.org\/ammk\/#\/schema\/logo\/image\/"},"sameAs":["https:\/\/www.facebook.com\/casahogarmaximilianomariakolbe\/","https:\/\/www.instagram.com\/maximilianomkolbe\/"]},{"@type":"Person","@id":"https:\/\/www.hogaresfaustinollamas.org\/ammk\/#\/schema\/person\/0067b1ff926b8d2f5c6da896fefd5377","name":"Redacci\u00f3n Kolbe","image":{"@type":"ImageObject","inLanguage":"es","@id":"https:\/\/www.hogaresfaustinollamas.org\/ammk\/#\/schema\/person\/image\/","url":"https:\/\/secure.gravatar.com\/avatar\/4209718b5a1a050b57317a73caad0937ec9eccdb96217b9cd8e4848f133b1c1b?s=96&d=mm&r=g","contentUrl":"https:\/\/secure.gravatar.com\/avatar\/4209718b5a1a050b57317a73caad0937ec9eccdb96217b9cd8e4848f133b1c1b?s=96&d=mm&r=g","caption":"Redacci\u00f3n Kolbe"},"sameAs":["https:\/\/www.hogaresfaustinollamas.org"],"url":"https:\/\/www.hogaresfaustinollamas.org\/ammk\/author\/maricela\/"}]}},"_links":{"self":[{"href":"https:\/\/www.hogaresfaustinollamas.org\/ammk\/wp-json\/wp\/v2\/posts\/781","targetHints":{"allow":["GET"]}}],"collection":[{"href":"https:\/\/www.hogaresfaustinollamas.org\/ammk\/wp-json\/wp\/v2\/posts"}],"about":[{"href":"https:\/\/www.hogaresfaustinollamas.org\/ammk\/wp-json\/wp\/v2\/types\/post"}],"author":[{"embeddable":true,"href":"https:\/\/www.hogaresfaustinollamas.org\/ammk\/wp-json\/wp\/v2\/users\/2"}],"replies":[{"embeddable":true,"href":"https:\/\/www.hogaresfaustinollamas.org\/ammk\/wp-json\/wp\/v2\/comments?post=781"}],"version-history":[{"count":4,"href":"https:\/\/www.hogaresfaustinollamas.org\/ammk\/wp-json\/wp\/v2\/posts\/781\/revisions"}],"predecessor-version":[{"id":846,"href":"https:\/\/www.hogaresfaustinollamas.org\/ammk\/wp-json\/wp\/v2\/posts\/781\/revisions\/846"}],"wp:featuredmedia":[{"embeddable":true,"href":"https:\/\/www.hogaresfaustinollamas.org\/ammk\/wp-json\/wp\/v2\/media\/836"}],"wp:attachment":[{"href":"https:\/\/www.hogaresfaustinollamas.org\/ammk\/wp-json\/wp\/v2\/media?parent=781"}],"wp:term":[{"taxonomy":"category","embeddable":true,"href":"https:\/\/www.hogaresfaustinollamas.org\/ammk\/wp-json\/wp\/v2\/categories?post=781"},{"taxonomy":"post_tag","embeddable":true,"href":"https:\/\/www.hogaresfaustinollamas.org\/ammk\/wp-json\/wp\/v2\/tags?post=781"},{"taxonomy":"citadela-post-location","embeddable":true,"href":"https:\/\/www.hogaresfaustinollamas.org\/ammk\/wp-json\/wp\/v2\/citadela-post-location?post=781"}],"curies":[{"name":"wp","href":"https:\/\/api.w.org\/{rel}","templated":true}]}}