{"id":816,"date":"2025-11-20T16:08:25","date_gmt":"2025-11-20T16:08:25","guid":{"rendered":"https:\/\/www.hogaresfaustinollamas.org\/newammk\/?p=816"},"modified":"2026-04-23T23:01:03","modified_gmt":"2026-04-23T23:01:03","slug":"revuelta-caracol-arte-textil","status":"publish","type":"post","link":"https:\/\/www.hogaresfaustinollamas.org\/ammk\/revuelta-caracol-arte-textil\/","title":{"rendered":"Revuelta Caracol: arte textil"},"content":{"rendered":"\n<p>Es un proyecto productivo de tapetes, tapices, macram\u00e9 y otros productos elaborados por mujeres mexicanas con discapacidad intelectual y psicosocial residentes de la Casa Hogar Asociaci\u00f3n Maximiliano M. Kolbe.<\/p>\n\n\n\n<p>Este proyecto surge de la necesidad de crear una fuente de empleo para las residentes, quienes debido a su tipo de discapacidad, es complicado que tengan acceso a un trabajo fuera de la instituci\u00f3n, sin embargo, ese proyecto les da la capacidad, no solo de crear y expresar su creatividad, sino de ser tambi\u00e9n una fuente de ingresos.<\/p>\n\n\n\n<h2 class=\"wp-block-heading\">Impacto del proyecto<\/h2>\n\n\n\n<p>M\u00e1s all\u00e1 de lo ya mencionado este proyecto sirve como:<br>TERAPIA F\u00cdSICA: Las residentes fortalecen sus m\u00fasculos<br>TERAPIA OCUPACIONAL: Disminuci\u00f3n de crisis en las residentes<br>AUTOEMPLEO: Las residentes reciben un sueldo<br>INSTITUCI\u00d3N SOSTENIBLE: Apoyo en la solvencia de los gastos dentro de la instituci\u00f3n<br>ECOLOG\u00cdA: Se contribuye al reciclaje de residuos textiles, as\u00ed como el bienestar del planeta.<\/p>\n\n\n\n<h2 class=\"wp-block-heading\">\u00bfTe gustar\u00eda sumarte?<\/h2>\n\n\n\n<p>Si quieres apoyar este proyecto, puedes hacerlo de la siguiente manera:<br><strong>1.- COMPRANDO LOS PRODUCTOS: <\/strong>Una excelente opci\u00f3n para regalos, detalles, decoraci\u00f3n del hogar<\/p>\n\n\n\n<p><strong>2.-DISTRIBUYENDO LOS PRODUCTOS EN TU NEGOCIO:<\/strong> Apoyas con las ventas<\/p>\n\n\n\n<p><strong>3.-APOYO ECON\u00d3MICO:<\/strong> Con recursos para poder seguir financiando insumos y personal de capacitaci\u00f3n.<\/p>\n\n\n\n<p><strong><em>Compra, vende, promueve y regala vida a estas chicas que tanto lo necesitan.<\/em><\/strong><\/p>\n\n\n\n<p>Aqu\u00ed te compartimos una peque\u00f1a muestra del trabajo de nuestras mujeres. <\/p>\n\n\n\n<p>Para mayor informaci\u00f3n comun\u00edcate v\u00eda Whats app al: <strong><a href=\"https:\/\/api.whatsapp.com\/send?phone=4461058073&amp;text=Quisiera%20informaci%C3%B3n%20acerca%20de:%20\" target=\"_blank\" rel=\"noreferrer noopener\"><mark style=\"background-color:rgba(0, 0, 0, 0)\" class=\"has-inline-color has-white-color\">446 105 8073 click aqu\u00ed<\/mark><\/a><\/strong><\/p>\n\n\n\n<figure class=\"wp-block-gallery has-nested-images columns-2 is-cropped wp-block-gallery-1 is-layout-flex wp-block-gallery-is-layout-flex\">\n<figure class=\"wp-block-image size-full\"><img loading=\"lazy\" decoding=\"async\" width=\"500\" height=\"500\" data-id=\"817\" src=\"https:\/\/www.hogaresfaustinollamas.org\/ammk\/wp-content\/uploads\/2025\/11\/revuelta-caracol-productos-1.webp\" alt=\"\" class=\"wp-image-817\" srcset=\"https:\/\/www.hogaresfaustinollamas.org\/ammk\/wp-content\/uploads\/2025\/11\/revuelta-caracol-productos-1.webp 500w, https:\/\/www.hogaresfaustinollamas.org\/ammk\/wp-content\/uploads\/2025\/11\/revuelta-caracol-productos-1-300x300.webp 300w, https:\/\/www.hogaresfaustinollamas.org\/ammk\/wp-content\/uploads\/2025\/11\/revuelta-caracol-productos-1-150x150.webp 150w\" sizes=\"auto, (max-width: 500px) 100vw, 500px\" \/><\/figure>\n\n\n\n<figure class=\"wp-block-image size-large\"><img loading=\"lazy\" decoding=\"async\" width=\"500\" height=\"500\" data-id=\"818\" src=\"https:\/\/www.hogaresfaustinollamas.org\/ammk\/wp-content\/uploads\/2025\/11\/revuelta-caracol-productos-2.webp\" alt=\"\" class=\"wp-image-818\" srcset=\"https:\/\/www.hogaresfaustinollamas.org\/ammk\/wp-content\/uploads\/2025\/11\/revuelta-caracol-productos-2.webp 500w, https:\/\/www.hogaresfaustinollamas.org\/ammk\/wp-content\/uploads\/2025\/11\/revuelta-caracol-productos-2-300x300.webp 300w, https:\/\/www.hogaresfaustinollamas.org\/ammk\/wp-content\/uploads\/2025\/11\/revuelta-caracol-productos-2-150x150.webp 150w\" sizes=\"auto, (max-width: 500px) 100vw, 500px\" \/><\/figure>\n\n\n\n<figure class=\"wp-block-image size-large\"><img loading=\"lazy\" decoding=\"async\" width=\"500\" height=\"500\" data-id=\"820\" src=\"https:\/\/www.hogaresfaustinollamas.org\/ammk\/wp-content\/uploads\/2025\/11\/revuelta-caracol-productos-3.webp\" alt=\"\" class=\"wp-image-820\" srcset=\"https:\/\/www.hogaresfaustinollamas.org\/ammk\/wp-content\/uploads\/2025\/11\/revuelta-caracol-productos-3.webp 500w, https:\/\/www.hogaresfaustinollamas.org\/ammk\/wp-content\/uploads\/2025\/11\/revuelta-caracol-productos-3-300x300.webp 300w, https:\/\/www.hogaresfaustinollamas.org\/ammk\/wp-content\/uploads\/2025\/11\/revuelta-caracol-productos-3-150x150.webp 150w\" sizes=\"auto, (max-width: 500px) 100vw, 500px\" \/><\/figure>\n\n\n\n<figure class=\"wp-block-image size-large\"><img loading=\"lazy\" decoding=\"async\" width=\"500\" height=\"500\" data-id=\"821\" src=\"https:\/\/www.hogaresfaustinollamas.org\/ammk\/wp-content\/uploads\/2025\/11\/revuelta-caracol-productos-4.webp\" alt=\"\" class=\"wp-image-821\" srcset=\"https:\/\/www.hogaresfaustinollamas.org\/ammk\/wp-content\/uploads\/2025\/11\/revuelta-caracol-productos-4.webp 500w, https:\/\/www.hogaresfaustinollamas.org\/ammk\/wp-content\/uploads\/2025\/11\/revuelta-caracol-productos-4-300x300.webp 300w, https:\/\/www.hogaresfaustinollamas.org\/ammk\/wp-content\/uploads\/2025\/11\/revuelta-caracol-productos-4-150x150.webp 150w\" sizes=\"auto, (max-width: 500px) 100vw, 500px\" \/><\/figure>\n\n\n\n<figure class=\"wp-block-image size-large\"><img loading=\"lazy\" decoding=\"async\" width=\"500\" height=\"500\" data-id=\"822\" src=\"https:\/\/www.hogaresfaustinollamas.org\/ammk\/wp-content\/uploads\/2025\/11\/revuelta-caracol-productos-5.webp\" alt=\"\" class=\"wp-image-822\" srcset=\"https:\/\/www.hogaresfaustinollamas.org\/ammk\/wp-content\/uploads\/2025\/11\/revuelta-caracol-productos-5.webp 500w, https:\/\/www.hogaresfaustinollamas.org\/ammk\/wp-content\/uploads\/2025\/11\/revuelta-caracol-productos-5-300x300.webp 300w, https:\/\/www.hogaresfaustinollamas.org\/ammk\/wp-content\/uploads\/2025\/11\/revuelta-caracol-productos-5-150x150.webp 150w\" sizes=\"auto, (max-width: 500px) 100vw, 500px\" \/><\/figure>\n\n\n\n<figure class=\"wp-block-image size-large\"><img loading=\"lazy\" decoding=\"async\" width=\"500\" height=\"500\" data-id=\"819\" src=\"https:\/\/www.hogaresfaustinollamas.org\/ammk\/wp-content\/uploads\/2025\/11\/revuelta-caracol-productos-6.webp\" alt=\"\" class=\"wp-image-819\" srcset=\"https:\/\/www.hogaresfaustinollamas.org\/ammk\/wp-content\/uploads\/2025\/11\/revuelta-caracol-productos-6.webp 500w, https:\/\/www.hogaresfaustinollamas.org\/ammk\/wp-content\/uploads\/2025\/11\/revuelta-caracol-productos-6-300x300.webp 300w, https:\/\/www.hogaresfaustinollamas.org\/ammk\/wp-content\/uploads\/2025\/11\/revuelta-caracol-productos-6-150x150.webp 150w\" sizes=\"auto, (max-width: 500px) 100vw, 500px\" \/><\/figure>\n\n\n\n<figure class=\"wp-block-image size-large\"><img loading=\"lazy\" decoding=\"async\" width=\"500\" height=\"500\" data-id=\"823\" src=\"https:\/\/www.hogaresfaustinollamas.org\/newammk\/wp-content\/uploads\/2025\/11\/revuelta-caracol-productos-7.webp\" alt=\"\" class=\"wp-image-823\" srcset=\"https:\/\/www.hogaresfaustinollamas.org\/ammk\/wp-content\/uploads\/2025\/11\/revuelta-caracol-productos-7.webp 500w, https:\/\/www.hogaresfaustinollamas.org\/ammk\/wp-content\/uploads\/2025\/11\/revuelta-caracol-productos-7-300x300.webp 300w, https:\/\/www.hogaresfaustinollamas.org\/ammk\/wp-content\/uploads\/2025\/11\/revuelta-caracol-productos-7-150x150.webp 150w\" sizes=\"auto, (max-width: 500px) 100vw, 500px\" \/><\/figure>\n\n\n\n<figure class=\"wp-block-image size-large\"><img loading=\"lazy\" decoding=\"async\" width=\"500\" height=\"500\" data-id=\"824\" src=\"https:\/\/www.hogaresfaustinollamas.org\/newammk\/wp-content\/uploads\/2025\/11\/revuelta-caracol-productos-8.webp\" alt=\"\" class=\"wp-image-824\" srcset=\"https:\/\/www.hogaresfaustinollamas.org\/ammk\/wp-content\/uploads\/2025\/11\/revuelta-caracol-productos-8.webp 500w, https:\/\/www.hogaresfaustinollamas.org\/ammk\/wp-content\/uploads\/2025\/11\/revuelta-caracol-productos-8-300x300.webp 300w, https:\/\/www.hogaresfaustinollamas.org\/ammk\/wp-content\/uploads\/2025\/11\/revuelta-caracol-productos-8-150x150.webp 150w\" sizes=\"auto, (max-width: 500px) 100vw, 500px\" \/><\/figure>\n\n\n\n<figure class=\"wp-block-image size-large\"><img loading=\"lazy\" decoding=\"async\" width=\"500\" height=\"500\" data-id=\"825\" src=\"https:\/\/www.hogaresfaustinollamas.org\/newammk\/wp-content\/uploads\/2025\/11\/revuelta-caracol-productos-9.webp\" alt=\"\" class=\"wp-image-825\" srcset=\"https:\/\/www.hogaresfaustinollamas.org\/ammk\/wp-content\/uploads\/2025\/11\/revuelta-caracol-productos-9.webp 500w, https:\/\/www.hogaresfaustinollamas.org\/ammk\/wp-content\/uploads\/2025\/11\/revuelta-caracol-productos-9-300x300.webp 300w, https:\/\/www.hogaresfaustinollamas.org\/ammk\/wp-content\/uploads\/2025\/11\/revuelta-caracol-productos-9-150x150.webp 150w\" sizes=\"auto, (max-width: 500px) 100vw, 500px\" \/><\/figure>\n\n\n\n<figure class=\"wp-block-image size-large\"><img loading=\"lazy\" decoding=\"async\" width=\"500\" height=\"500\" data-id=\"826\" src=\"https:\/\/www.hogaresfaustinollamas.org\/newammk\/wp-content\/uploads\/2025\/11\/revuelta-caracol-productos-10.webp\" alt=\"\" class=\"wp-image-826\" srcset=\"https:\/\/www.hogaresfaustinollamas.org\/ammk\/wp-content\/uploads\/2025\/11\/revuelta-caracol-productos-10.webp 500w, https:\/\/www.hogaresfaustinollamas.org\/ammk\/wp-content\/uploads\/2025\/11\/revuelta-caracol-productos-10-300x300.webp 300w, https:\/\/www.hogaresfaustinollamas.org\/ammk\/wp-content\/uploads\/2025\/11\/revuelta-caracol-productos-10-150x150.webp 150w\" sizes=\"auto, (max-width: 500px) 100vw, 500px\" \/><\/figure>\n<\/figure>\n","protected":false},"excerpt":{"rendered":"<p>Es un proyecto productivo de tapetes, tapices, macram\u00e9 y otros productos elaborados por residentes de la Casa Hogar Asociaci\u00f3n Maximiliano M. Kolbe.<\/p>\n","protected":false},"author":2,"featured_media":827,"comment_status":"open","ping_status":"closed","sticky":false,"template":"","format":"standard","meta":{"_citadela_custom_class":"","footnotes":""},"categories":[45],"tags":[],"citadela-post-location":[],"class_list":["post-816","post","type-post","status-publish","format-standard","has-post-thumbnail","hentry","category-como-ayudar"],"yoast_head":"<!-- This site is optimized with the Yoast SEO plugin v26.4 - https:\/\/yoast.com\/wordpress\/plugins\/seo\/ -->\n<title>Revuelta Caracol: arte textil<\/title>\n<meta name=\"description\" content=\"Arte textil producido por mujeres con discapacidad intelectual. \u00a1\u00a1Ap\u00f3yalas!!. Aqu\u00ed te decimos c\u00f3mo.\" \/>\n<meta name=\"robots\" content=\"index, follow, max-snippet:-1, max-image-preview:large, max-video-preview:-1\" \/>\n<link rel=\"canonical\" href=\"https:\/\/www.hogaresfaustinollamas.org\/ammk\/revuelta-caracol-arte-textil\/\" \/>\n<meta property=\"og:locale\" content=\"es_MX\" \/>\n<meta property=\"og:type\" content=\"article\" \/>\n<meta property=\"og:title\" content=\"Revuelta Caracol: arte textil\" \/>\n<meta property=\"og:description\" content=\"Arte textil producido por mujeres con discapacidad intelectual. \u00a1\u00a1Ap\u00f3yalas!!. Aqu\u00ed te decimos c\u00f3mo.\" \/>\n<meta property=\"og:url\" content=\"https:\/\/www.hogaresfaustinollamas.org\/ammk\/revuelta-caracol-arte-textil\/\" \/>\n<meta property=\"og:site_name\" content=\"Maximiliano Mar\u00eda Kolbe IAP\" \/>\n<meta property=\"article:publisher\" content=\"https:\/\/www.facebook.com\/casahogarmaximilianomariakolbe\/\" \/>\n<meta property=\"article:published_time\" content=\"2025-11-20T16:08:25+00:00\" \/>\n<meta property=\"article:modified_time\" content=\"2026-04-23T23:01:03+00:00\" \/>\n<meta property=\"og:image\" content=\"https:\/\/www.hogaresfaustinollamas.org\/ammk\/wp-content\/uploads\/2025\/11\/revuelta-caracol-destacada-tam-ok-kolbe.webp\" \/>\n\t<meta property=\"og:image:width\" content=\"800\" \/>\n\t<meta property=\"og:image:height\" content=\"533\" \/>\n\t<meta property=\"og:image:type\" content=\"image\/webp\" \/>\n<meta name=\"author\" content=\"Redacci\u00f3n Kolbe\" \/>\n<meta name=\"twitter:card\" content=\"summary_large_image\" \/>\n<meta name=\"twitter:label1\" content=\"Escrito por\" \/>\n\t<meta name=\"twitter:data1\" content=\"Redacci\u00f3n Kolbe\" \/>\n\t<meta name=\"twitter:label2\" content=\"Tiempo de lectura\" \/>\n\t<meta name=\"twitter:data2\" content=\"4 minutos\" \/>\n<script type=\"application\/ld+json\" class=\"yoast-schema-graph\">{\"@context\":\"https:\/\/schema.org\",\"@graph\":[{\"@type\":\"Article\",\"@id\":\"https:\/\/www.hogaresfaustinollamas.org\/ammk\/revuelta-caracol-arte-textil\/#article\",\"isPartOf\":{\"@id\":\"https:\/\/www.hogaresfaustinollamas.org\/ammk\/revuelta-caracol-arte-textil\/\"},\"author\":{\"name\":\"Redacci\u00f3n Kolbe\",\"@id\":\"https:\/\/www.hogaresfaustinollamas.org\/ammk\/#\/schema\/person\/0067b1ff926b8d2f5c6da896fefd5377\"},\"headline\":\"Revuelta Caracol: arte textil\",\"datePublished\":\"2025-11-20T16:08:25+00:00\",\"dateModified\":\"2026-04-23T23:01:03+00:00\",\"mainEntityOfPage\":{\"@id\":\"https:\/\/www.hogaresfaustinollamas.org\/ammk\/revuelta-caracol-arte-textil\/\"},\"wordCount\":251,\"commentCount\":0,\"publisher\":{\"@id\":\"https:\/\/www.hogaresfaustinollamas.org\/ammk\/#organization\"},\"image\":{\"@id\":\"https:\/\/www.hogaresfaustinollamas.org\/ammk\/revuelta-caracol-arte-textil\/#primaryimage\"},\"thumbnailUrl\":\"https:\/\/www.hogaresfaustinollamas.org\/ammk\/wp-content\/uploads\/2025\/11\/revuelta-caracol-destacada-tam-ok-kolbe.webp\",\"articleSection\":[\"Como aydar\"],\"inLanguage\":\"es\",\"potentialAction\":[{\"@type\":\"CommentAction\",\"name\":\"Comment\",\"target\":[\"https:\/\/www.hogaresfaustinollamas.org\/ammk\/revuelta-caracol-arte-textil\/#respond\"]}]},{\"@type\":\"WebPage\",\"@id\":\"https:\/\/www.hogaresfaustinollamas.org\/ammk\/revuelta-caracol-arte-textil\/\",\"url\":\"https:\/\/www.hogaresfaustinollamas.org\/ammk\/revuelta-caracol-arte-textil\/\",\"name\":\"Revuelta Caracol: arte textil\",\"isPartOf\":{\"@id\":\"https:\/\/www.hogaresfaustinollamas.org\/ammk\/#website\"},\"primaryImageOfPage\":{\"@id\":\"https:\/\/www.hogaresfaustinollamas.org\/ammk\/revuelta-caracol-arte-textil\/#primaryimage\"},\"image\":{\"@id\":\"https:\/\/www.hogaresfaustinollamas.org\/ammk\/revuelta-caracol-arte-textil\/#primaryimage\"},\"thumbnailUrl\":\"https:\/\/www.hogaresfaustinollamas.org\/ammk\/wp-content\/uploads\/2025\/11\/revuelta-caracol-destacada-tam-ok-kolbe.webp\",\"datePublished\":\"2025-11-20T16:08:25+00:00\",\"dateModified\":\"2026-04-23T23:01:03+00:00\",\"description\":\"Arte textil producido por mujeres con discapacidad intelectual. \u00a1\u00a1Ap\u00f3yalas!!. Aqu\u00ed te decimos c\u00f3mo.\",\"breadcrumb\":{\"@id\":\"https:\/\/www.hogaresfaustinollamas.org\/ammk\/revuelta-caracol-arte-textil\/#breadcrumb\"},\"inLanguage\":\"es\",\"potentialAction\":[{\"@type\":\"ReadAction\",\"target\":[\"https:\/\/www.hogaresfaustinollamas.org\/ammk\/revuelta-caracol-arte-textil\/\"]}]},{\"@type\":\"ImageObject\",\"inLanguage\":\"es\",\"@id\":\"https:\/\/www.hogaresfaustinollamas.org\/ammk\/revuelta-caracol-arte-textil\/#primaryimage\",\"url\":\"https:\/\/www.hogaresfaustinollamas.org\/ammk\/wp-content\/uploads\/2025\/11\/revuelta-caracol-destacada-tam-ok-kolbe.webp\",\"contentUrl\":\"https:\/\/www.hogaresfaustinollamas.org\/ammk\/wp-content\/uploads\/2025\/11\/revuelta-caracol-destacada-tam-ok-kolbe.webp\",\"width\":800,\"height\":533},{\"@type\":\"BreadcrumbList\",\"@id\":\"https:\/\/www.hogaresfaustinollamas.org\/ammk\/revuelta-caracol-arte-textil\/#breadcrumb\",\"itemListElement\":[{\"@type\":\"ListItem\",\"position\":1,\"name\":\"Inicio\",\"item\":\"https:\/\/www.hogaresfaustinollamas.org\/ammk\/\"},{\"@type\":\"ListItem\",\"position\":2,\"name\":\"Revuelta Caracol: arte textil\"}]},{\"@type\":\"WebSite\",\"@id\":\"https:\/\/www.hogaresfaustinollamas.org\/ammk\/#website\",\"url\":\"https:\/\/www.hogaresfaustinollamas.org\/ammk\/\",\"name\":\"ASOCIACI\u00d3N MAXIMILIANO MAR\u00cdA KOLBE, I.A.P\",\"description\":\"CASA HOGAR\",\"publisher\":{\"@id\":\"https:\/\/www.hogaresfaustinollamas.org\/ammk\/#organization\"},\"potentialAction\":[{\"@type\":\"SearchAction\",\"target\":{\"@type\":\"EntryPoint\",\"urlTemplate\":\"https:\/\/www.hogaresfaustinollamas.org\/ammk\/?s={search_term_string}\"},\"query-input\":{\"@type\":\"PropertyValueSpecification\",\"valueRequired\":true,\"valueName\":\"search_term_string\"}}],\"inLanguage\":\"es\"},{\"@type\":\"Organization\",\"@id\":\"https:\/\/www.hogaresfaustinollamas.org\/ammk\/#organization\",\"name\":\"ASOCIACI\u00d3N MAXIMILIANO MAR\u00cdA KOLBE, I.A.P\",\"url\":\"https:\/\/www.hogaresfaustinollamas.org\/ammk\/\",\"logo\":{\"@type\":\"ImageObject\",\"inLanguage\":\"es\",\"@id\":\"https:\/\/www.hogaresfaustinollamas.org\/ammk\/#\/schema\/logo\/image\/\",\"url\":\"https:\/\/www.hogaresfaustinollamas.org\/newammk\/wp-content\/uploads\/2025\/03\/logo-kolbe-web-120-px.png\",\"contentUrl\":\"https:\/\/www.hogaresfaustinollamas.org\/newammk\/wp-content\/uploads\/2025\/03\/logo-kolbe-web-120-px.png\",\"width\":120,\"height\":120,\"caption\":\"ASOCIACI\u00d3N MAXIMILIANO MAR\u00cdA KOLBE, I.A.P\"},\"image\":{\"@id\":\"https:\/\/www.hogaresfaustinollamas.org\/ammk\/#\/schema\/logo\/image\/\"},\"sameAs\":[\"https:\/\/www.facebook.com\/casahogarmaximilianomariakolbe\/\",\"https:\/\/www.instagram.com\/maximilianomkolbe\/\"]},{\"@type\":\"Person\",\"@id\":\"https:\/\/www.hogaresfaustinollamas.org\/ammk\/#\/schema\/person\/0067b1ff926b8d2f5c6da896fefd5377\",\"name\":\"Redacci\u00f3n Kolbe\",\"image\":{\"@type\":\"ImageObject\",\"inLanguage\":\"es\",\"@id\":\"https:\/\/www.hogaresfaustinollamas.org\/ammk\/#\/schema\/person\/image\/\",\"url\":\"https:\/\/secure.gravatar.com\/avatar\/4209718b5a1a050b57317a73caad0937ec9eccdb96217b9cd8e4848f133b1c1b?s=96&d=mm&r=g\",\"contentUrl\":\"https:\/\/secure.gravatar.com\/avatar\/4209718b5a1a050b57317a73caad0937ec9eccdb96217b9cd8e4848f133b1c1b?s=96&d=mm&r=g\",\"caption\":\"Redacci\u00f3n Kolbe\"},\"sameAs\":[\"https:\/\/www.hogaresfaustinollamas.org\"],\"url\":\"https:\/\/www.hogaresfaustinollamas.org\/ammk\/author\/maricela\/\"}]}<\/script>\n<!-- \/ Yoast SEO plugin. -->","yoast_head_json":{"title":"Revuelta Caracol: arte textil","description":"Arte textil producido por mujeres con discapacidad intelectual. \u00a1\u00a1Ap\u00f3yalas!!. Aqu\u00ed te decimos c\u00f3mo.","robots":{"index":"index","follow":"follow","max-snippet":"max-snippet:-1","max-image-preview":"max-image-preview:large","max-video-preview":"max-video-preview:-1"},"canonical":"https:\/\/www.hogaresfaustinollamas.org\/ammk\/revuelta-caracol-arte-textil\/","og_locale":"es_MX","og_type":"article","og_title":"Revuelta Caracol: arte textil","og_description":"Arte textil producido por mujeres con discapacidad intelectual. \u00a1\u00a1Ap\u00f3yalas!!. Aqu\u00ed te decimos c\u00f3mo.","og_url":"https:\/\/www.hogaresfaustinollamas.org\/ammk\/revuelta-caracol-arte-textil\/","og_site_name":"Maximiliano Mar\u00eda Kolbe IAP","article_publisher":"https:\/\/www.facebook.com\/casahogarmaximilianomariakolbe\/","article_published_time":"2025-11-20T16:08:25+00:00","article_modified_time":"2026-04-23T23:01:03+00:00","og_image":[{"width":800,"height":533,"url":"https:\/\/www.hogaresfaustinollamas.org\/ammk\/wp-content\/uploads\/2025\/11\/revuelta-caracol-destacada-tam-ok-kolbe.webp","type":"image\/webp"}],"author":"Redacci\u00f3n Kolbe","twitter_card":"summary_large_image","twitter_misc":{"Escrito por":"Redacci\u00f3n Kolbe","Tiempo de lectura":"4 minutos"},"schema":{"@context":"https:\/\/schema.org","@graph":[{"@type":"Article","@id":"https:\/\/www.hogaresfaustinollamas.org\/ammk\/revuelta-caracol-arte-textil\/#article","isPartOf":{"@id":"https:\/\/www.hogaresfaustinollamas.org\/ammk\/revuelta-caracol-arte-textil\/"},"author":{"name":"Redacci\u00f3n Kolbe","@id":"https:\/\/www.hogaresfaustinollamas.org\/ammk\/#\/schema\/person\/0067b1ff926b8d2f5c6da896fefd5377"},"headline":"Revuelta Caracol: arte textil","datePublished":"2025-11-20T16:08:25+00:00","dateModified":"2026-04-23T23:01:03+00:00","mainEntityOfPage":{"@id":"https:\/\/www.hogaresfaustinollamas.org\/ammk\/revuelta-caracol-arte-textil\/"},"wordCount":251,"commentCount":0,"publisher":{"@id":"https:\/\/www.hogaresfaustinollamas.org\/ammk\/#organization"},"image":{"@id":"https:\/\/www.hogaresfaustinollamas.org\/ammk\/revuelta-caracol-arte-textil\/#primaryimage"},"thumbnailUrl":"https:\/\/www.hogaresfaustinollamas.org\/ammk\/wp-content\/uploads\/2025\/11\/revuelta-caracol-destacada-tam-ok-kolbe.webp","articleSection":["Como aydar"],"inLanguage":"es","potentialAction":[{"@type":"CommentAction","name":"Comment","target":["https:\/\/www.hogaresfaustinollamas.org\/ammk\/revuelta-caracol-arte-textil\/#respond"]}]},{"@type":"WebPage","@id":"https:\/\/www.hogaresfaustinollamas.org\/ammk\/revuelta-caracol-arte-textil\/","url":"https:\/\/www.hogaresfaustinollamas.org\/ammk\/revuelta-caracol-arte-textil\/","name":"Revuelta Caracol: arte textil","isPartOf":{"@id":"https:\/\/www.hogaresfaustinollamas.org\/ammk\/#website"},"primaryImageOfPage":{"@id":"https:\/\/www.hogaresfaustinollamas.org\/ammk\/revuelta-caracol-arte-textil\/#primaryimage"},"image":{"@id":"https:\/\/www.hogaresfaustinollamas.org\/ammk\/revuelta-caracol-arte-textil\/#primaryimage"},"thumbnailUrl":"https:\/\/www.hogaresfaustinollamas.org\/ammk\/wp-content\/uploads\/2025\/11\/revuelta-caracol-destacada-tam-ok-kolbe.webp","datePublished":"2025-11-20T16:08:25+00:00","dateModified":"2026-04-23T23:01:03+00:00","description":"Arte textil producido por mujeres con discapacidad intelectual. \u00a1\u00a1Ap\u00f3yalas!!. Aqu\u00ed te decimos c\u00f3mo.","breadcrumb":{"@id":"https:\/\/www.hogaresfaustinollamas.org\/ammk\/revuelta-caracol-arte-textil\/#breadcrumb"},"inLanguage":"es","potentialAction":[{"@type":"ReadAction","target":["https:\/\/www.hogaresfaustinollamas.org\/ammk\/revuelta-caracol-arte-textil\/"]}]},{"@type":"ImageObject","inLanguage":"es","@id":"https:\/\/www.hogaresfaustinollamas.org\/ammk\/revuelta-caracol-arte-textil\/#primaryimage","url":"https:\/\/www.hogaresfaustinollamas.org\/ammk\/wp-content\/uploads\/2025\/11\/revuelta-caracol-destacada-tam-ok-kolbe.webp","contentUrl":"https:\/\/www.hogaresfaustinollamas.org\/ammk\/wp-content\/uploads\/2025\/11\/revuelta-caracol-destacada-tam-ok-kolbe.webp","width":800,"height":533},{"@type":"BreadcrumbList","@id":"https:\/\/www.hogaresfaustinollamas.org\/ammk\/revuelta-caracol-arte-textil\/#breadcrumb","itemListElement":[{"@type":"ListItem","position":1,"name":"Inicio","item":"https:\/\/www.hogaresfaustinollamas.org\/ammk\/"},{"@type":"ListItem","position":2,"name":"Revuelta Caracol: arte textil"}]},{"@type":"WebSite","@id":"https:\/\/www.hogaresfaustinollamas.org\/ammk\/#website","url":"https:\/\/www.hogaresfaustinollamas.org\/ammk\/","name":"ASOCIACI\u00d3N MAXIMILIANO MAR\u00cdA KOLBE, I.A.P","description":"CASA HOGAR","publisher":{"@id":"https:\/\/www.hogaresfaustinollamas.org\/ammk\/#organization"},"potentialAction":[{"@type":"SearchAction","target":{"@type":"EntryPoint","urlTemplate":"https:\/\/www.hogaresfaustinollamas.org\/ammk\/?s={search_term_string}"},"query-input":{"@type":"PropertyValueSpecification","valueRequired":true,"valueName":"search_term_string"}}],"inLanguage":"es"},{"@type":"Organization","@id":"https:\/\/www.hogaresfaustinollamas.org\/ammk\/#organization","name":"ASOCIACI\u00d3N MAXIMILIANO MAR\u00cdA KOLBE, I.A.P","url":"https:\/\/www.hogaresfaustinollamas.org\/ammk\/","logo":{"@type":"ImageObject","inLanguage":"es","@id":"https:\/\/www.hogaresfaustinollamas.org\/ammk\/#\/schema\/logo\/image\/","url":"https:\/\/www.hogaresfaustinollamas.org\/newammk\/wp-content\/uploads\/2025\/03\/logo-kolbe-web-120-px.png","contentUrl":"https:\/\/www.hogaresfaustinollamas.org\/newammk\/wp-content\/uploads\/2025\/03\/logo-kolbe-web-120-px.png","width":120,"height":120,"caption":"ASOCIACI\u00d3N MAXIMILIANO MAR\u00cdA KOLBE, I.A.P"},"image":{"@id":"https:\/\/www.hogaresfaustinollamas.org\/ammk\/#\/schema\/logo\/image\/"},"sameAs":["https:\/\/www.facebook.com\/casahogarmaximilianomariakolbe\/","https:\/\/www.instagram.com\/maximilianomkolbe\/"]},{"@type":"Person","@id":"https:\/\/www.hogaresfaustinollamas.org\/ammk\/#\/schema\/person\/0067b1ff926b8d2f5c6da896fefd5377","name":"Redacci\u00f3n Kolbe","image":{"@type":"ImageObject","inLanguage":"es","@id":"https:\/\/www.hogaresfaustinollamas.org\/ammk\/#\/schema\/person\/image\/","url":"https:\/\/secure.gravatar.com\/avatar\/4209718b5a1a050b57317a73caad0937ec9eccdb96217b9cd8e4848f133b1c1b?s=96&d=mm&r=g","contentUrl":"https:\/\/secure.gravatar.com\/avatar\/4209718b5a1a050b57317a73caad0937ec9eccdb96217b9cd8e4848f133b1c1b?s=96&d=mm&r=g","caption":"Redacci\u00f3n Kolbe"},"sameAs":["https:\/\/www.hogaresfaustinollamas.org"],"url":"https:\/\/www.hogaresfaustinollamas.org\/ammk\/author\/maricela\/"}]}},"_links":{"self":[{"href":"https:\/\/www.hogaresfaustinollamas.org\/ammk\/wp-json\/wp\/v2\/posts\/816","targetHints":{"allow":["GET"]}}],"collection":[{"href":"https:\/\/www.hogaresfaustinollamas.org\/ammk\/wp-json\/wp\/v2\/posts"}],"about":[{"href":"https:\/\/www.hogaresfaustinollamas.org\/ammk\/wp-json\/wp\/v2\/types\/post"}],"author":[{"embeddable":true,"href":"https:\/\/www.hogaresfaustinollamas.org\/ammk\/wp-json\/wp\/v2\/users\/2"}],"replies":[{"embeddable":true,"href":"https:\/\/www.hogaresfaustinollamas.org\/ammk\/wp-json\/wp\/v2\/comments?post=816"}],"version-history":[{"count":8,"href":"https:\/\/www.hogaresfaustinollamas.org\/ammk\/wp-json\/wp\/v2\/posts\/816\/revisions"}],"predecessor-version":[{"id":910,"href":"https:\/\/www.hogaresfaustinollamas.org\/ammk\/wp-json\/wp\/v2\/posts\/816\/revisions\/910"}],"wp:featuredmedia":[{"embeddable":true,"href":"https:\/\/www.hogaresfaustinollamas.org\/ammk\/wp-json\/wp\/v2\/media\/827"}],"wp:attachment":[{"href":"https:\/\/www.hogaresfaustinollamas.org\/ammk\/wp-json\/wp\/v2\/media?parent=816"}],"wp:term":[{"taxonomy":"category","embeddable":true,"href":"https:\/\/www.hogaresfaustinollamas.org\/ammk\/wp-json\/wp\/v2\/categories?post=816"},{"taxonomy":"post_tag","embeddable":true,"href":"https:\/\/www.hogaresfaustinollamas.org\/ammk\/wp-json\/wp\/v2\/tags?post=816"},{"taxonomy":"citadela-post-location","embeddable":true,"href":"https:\/\/www.hogaresfaustinollamas.org\/ammk\/wp-json\/wp\/v2\/citadela-post-location?post=816"}],"curies":[{"name":"wp","href":"https:\/\/api.w.org\/{rel}","templated":true}]}}