{"id":474,"date":"2024-01-23T01:35:52","date_gmt":"2024-01-23T01:35:52","guid":{"rendered":"https:\/\/www.hogaresfaustinollamas.org\/newcmg\/?p=474"},"modified":"2025-02-26T00:29:54","modified_gmt":"2025-02-26T00:29:54","slug":"dr-faustino-llamas","status":"publish","type":"post","link":"https:\/\/www.hogaresfaustinollamas.org\/cmg\/dr-faustino-llamas\/","title":{"rendered":"Dr. Faustino Llamas"},"content":{"rendered":"\n<p>El Dr. Faustino Llamas fue el mayor de siete hermanos y creci\u00f3 en un entorno que valoraba el trabajo y la solidaridad, cualidades que lo definieron toda su vida. Como padre de nueve hijos y abuelo de 22 nietos (y contando), su car\u00e1cter responsable, simp\u00e1tico y siempre alegre se destacaba en su enfoque optimista de la vida. Desde joven mostr\u00f3 su esp\u00edritu altruista; ejemplo de ello fue cuando regal\u00f3 su reci\u00e9n adquirida bicicleta a un zapatero que hab\u00eda sufrido un robo.<\/p>\n\n\n\n<p>Egresado de la UNAM con honores en neurocirug\u00eda, el Dr. Llamas dedic\u00f3 38 a\u00f1os de su carrera a la investigaci\u00f3n m\u00e9dica, concentr\u00e1ndose en la m\u00e9dula espinal y tumores cerebrales. Era un \u00e1vido aprendiz, hablaba ingl\u00e9s, franc\u00e9s, chino, portugu\u00e9s, esperanto, alem\u00e1n, italiano, ruso, y \u00e1rabe, adem\u00e1s de leer y escribir en braille. Complet\u00f3 una maestr\u00eda en mercadotecnia y se titul\u00f3 como abogado en diciembre de 2017.<\/p>\n\n\n\n<p>Su pasi\u00f3n por la ense\u00f1anza lo llev\u00f3 a impartir clases en varias universidades de Quer\u00e9taro por m\u00e1s de 25 a\u00f1os y fund\u00f3 la Cl\u00ednica Neurol\u00f3gica y el Instituto de Rehabilitaci\u00f3n de Quer\u00e9taro. Consciente de las vulnerabilidades sociales, estableci\u00f3 la Casa Hogar San Pablo en 1987 para ni\u00f1os y ni\u00f1as de escasos recursos con discapacidad intelectual, seguida por la Casa Hogar Mar\u00eda Goretti en 1999 para ni\u00f1as y mujeres. A estas instituciones se sumaron la Casa Maximiliano Mar\u00eda Kolbe, la Casa Salvador Rivera Garc\u00eda y la Casa Laura Vicu\u00f1a, todas fundadas con el mismo esp\u00edritu de servicio.<\/p>\n\n\n\n<p>Su trabajo trascendi\u00f3 fronteras, extendi\u00e9ndose a Per\u00fa con un centro de d\u00eda para personas con discapacidad y a Cuba con un asilo. Hidroc\u00e1lido de nacimiento, mexiquense en su infancia y juventud, y zacatecano por herencia, fue queretano de coraz\u00f3n, donde su labor altruista ha dejado una huella imborrable.<\/p>\n\n\n\n<p>El Dr. Llamas falleci\u00f3 el 30 de septiembre de 2017 en un accidente de carretera, viviendo hasta el \u00faltimo momento su compromiso con el bienestar de los dem\u00e1s.<\/p>\n","protected":false},"excerpt":{"rendered":"<p>Consciente de las vulnerabilidades sociales, fund\u00f3 varias Casas Hogar, la mayor\u00eda para apoyar a mujeres con discapacidad intelectual.<\/p>\n","protected":false},"author":2,"featured_media":475,"comment_status":"open","ping_status":"closed","sticky":true,"template":"","format":"standard","meta":{"_citadela_custom_class":"","footnotes":""},"categories":[40,34],"tags":[31,30],"citadela-post-location":[],"class_list":["post-474","post","type-post","status-publish","format-standard","has-post-thumbnail","hentry","category-blog-destacada","category-conocenos-mas","tag-dr-faustino-llamas","tag-nuestro-fundador"],"yoast_head":"<!-- This site is optimized with the Yoast SEO plugin v26.4 - https:\/\/yoast.com\/wordpress\/plugins\/seo\/ -->\n<title>Dr. Faustino Llamas - Casa Mar\u00eda Goretti I.A.P<\/title>\n<meta name=\"robots\" content=\"index, follow, max-snippet:-1, max-image-preview:large, max-video-preview:-1\" \/>\n<link rel=\"canonical\" href=\"https:\/\/www.hogaresfaustinollamas.org\/cmg\/dr-faustino-llamas\/\" \/>\n<meta property=\"og:locale\" content=\"es_MX\" \/>\n<meta property=\"og:type\" content=\"article\" \/>\n<meta property=\"og:title\" content=\"Dr. Faustino Llamas - Casa Mar\u00eda Goretti I.A.P\" \/>\n<meta property=\"og:description\" content=\"Consciente de las vulnerabilidades sociales, fund\u00f3 varias Casas Hogar, la mayor\u00eda para apoyar a mujeres con discapacidad intelectual.\" \/>\n<meta property=\"og:url\" content=\"https:\/\/www.hogaresfaustinollamas.org\/cmg\/dr-faustino-llamas\/\" \/>\n<meta property=\"og:site_name\" content=\"Casa Mar\u00eda Goretti I.A.P\" \/>\n<meta property=\"article:publisher\" content=\"https:\/\/www.facebook.com\/CMGoretti\" \/>\n<meta property=\"article:published_time\" content=\"2024-01-23T01:35:52+00:00\" \/>\n<meta property=\"article:modified_time\" content=\"2025-02-26T00:29:54+00:00\" \/>\n<meta property=\"og:image\" content=\"https:\/\/www.hogaresfaustinollamas.org\/cmg\/wp-content\/uploads\/2025\/02\/dr-faustino-llamas-blog.webp\" \/>\n\t<meta property=\"og:image:width\" content=\"1000\" \/>\n\t<meta property=\"og:image:height\" content=\"667\" \/>\n\t<meta property=\"og:image:type\" content=\"image\/webp\" \/>\n<meta name=\"author\" content=\"Maricela Enriquez\" \/>\n<meta name=\"twitter:card\" content=\"summary_large_image\" \/>\n<meta name=\"twitter:label1\" content=\"Escrito por\" \/>\n\t<meta name=\"twitter:data1\" content=\"Maricela Enriquez\" \/>\n\t<meta name=\"twitter:label2\" content=\"Tiempo de lectura\" \/>\n\t<meta name=\"twitter:data2\" content=\"2 minutos\" \/>\n<script type=\"application\/ld+json\" class=\"yoast-schema-graph\">{\"@context\":\"https:\/\/schema.org\",\"@graph\":[{\"@type\":\"Article\",\"@id\":\"https:\/\/www.hogaresfaustinollamas.org\/cmg\/dr-faustino-llamas\/#article\",\"isPartOf\":{\"@id\":\"https:\/\/www.hogaresfaustinollamas.org\/cmg\/dr-faustino-llamas\/\"},\"author\":{\"name\":\"Maricela Enriquez\",\"@id\":\"https:\/\/www.hogaresfaustinollamas.org\/cmg\/#\/schema\/person\/b184e44b59189198d8695ce99a24edee\"},\"headline\":\"Dr. Faustino Llamas\",\"datePublished\":\"2024-01-23T01:35:52+00:00\",\"dateModified\":\"2025-02-26T00:29:54+00:00\",\"mainEntityOfPage\":{\"@id\":\"https:\/\/www.hogaresfaustinollamas.org\/cmg\/dr-faustino-llamas\/\"},\"wordCount\":352,\"commentCount\":0,\"publisher\":{\"@id\":\"https:\/\/www.hogaresfaustinollamas.org\/cmg\/#organization\"},\"image\":{\"@id\":\"https:\/\/www.hogaresfaustinollamas.org\/cmg\/dr-faustino-llamas\/#primaryimage\"},\"thumbnailUrl\":\"https:\/\/www.hogaresfaustinollamas.org\/cmg\/wp-content\/uploads\/2025\/02\/dr-faustino-llamas-blog.webp\",\"keywords\":[\"Dr. Faustino Llamas\",\"Nuestro Fundador\"],\"articleSection\":[\"blog destacada\",\"Con\u00f3cenos m\u00e1s\"],\"inLanguage\":\"es\",\"potentialAction\":[{\"@type\":\"CommentAction\",\"name\":\"Comment\",\"target\":[\"https:\/\/www.hogaresfaustinollamas.org\/cmg\/dr-faustino-llamas\/#respond\"]}]},{\"@type\":\"WebPage\",\"@id\":\"https:\/\/www.hogaresfaustinollamas.org\/cmg\/dr-faustino-llamas\/\",\"url\":\"https:\/\/www.hogaresfaustinollamas.org\/cmg\/dr-faustino-llamas\/\",\"name\":\"Dr. Faustino Llamas - Casa Mar\u00eda Goretti I.A.P\",\"isPartOf\":{\"@id\":\"https:\/\/www.hogaresfaustinollamas.org\/cmg\/#website\"},\"primaryImageOfPage\":{\"@id\":\"https:\/\/www.hogaresfaustinollamas.org\/cmg\/dr-faustino-llamas\/#primaryimage\"},\"image\":{\"@id\":\"https:\/\/www.hogaresfaustinollamas.org\/cmg\/dr-faustino-llamas\/#primaryimage\"},\"thumbnailUrl\":\"https:\/\/www.hogaresfaustinollamas.org\/cmg\/wp-content\/uploads\/2025\/02\/dr-faustino-llamas-blog.webp\",\"datePublished\":\"2024-01-23T01:35:52+00:00\",\"dateModified\":\"2025-02-26T00:29:54+00:00\",\"breadcrumb\":{\"@id\":\"https:\/\/www.hogaresfaustinollamas.org\/cmg\/dr-faustino-llamas\/#breadcrumb\"},\"inLanguage\":\"es\",\"potentialAction\":[{\"@type\":\"ReadAction\",\"target\":[\"https:\/\/www.hogaresfaustinollamas.org\/cmg\/dr-faustino-llamas\/\"]}]},{\"@type\":\"ImageObject\",\"inLanguage\":\"es\",\"@id\":\"https:\/\/www.hogaresfaustinollamas.org\/cmg\/dr-faustino-llamas\/#primaryimage\",\"url\":\"https:\/\/www.hogaresfaustinollamas.org\/cmg\/wp-content\/uploads\/2025\/02\/dr-faustino-llamas-blog.webp\",\"contentUrl\":\"https:\/\/www.hogaresfaustinollamas.org\/cmg\/wp-content\/uploads\/2025\/02\/dr-faustino-llamas-blog.webp\",\"width\":1000,\"height\":667},{\"@type\":\"BreadcrumbList\",\"@id\":\"https:\/\/www.hogaresfaustinollamas.org\/cmg\/dr-faustino-llamas\/#breadcrumb\",\"itemListElement\":[{\"@type\":\"ListItem\",\"position\":1,\"name\":\"Inicio\",\"item\":\"https:\/\/www.hogaresfaustinollamas.org\/cmg\/\"},{\"@type\":\"ListItem\",\"position\":2,\"name\":\"Dr. Faustino Llamas\"}]},{\"@type\":\"WebSite\",\"@id\":\"https:\/\/www.hogaresfaustinollamas.org\/cmg\/#website\",\"url\":\"https:\/\/www.hogaresfaustinollamas.org\/cmg\/\",\"name\":\"Casa Mar\u00eda Goretti I.A.P\",\"description\":\"CASA HOGAR\",\"publisher\":{\"@id\":\"https:\/\/www.hogaresfaustinollamas.org\/cmg\/#organization\"},\"potentialAction\":[{\"@type\":\"SearchAction\",\"target\":{\"@type\":\"EntryPoint\",\"urlTemplate\":\"https:\/\/www.hogaresfaustinollamas.org\/cmg\/?s={search_term_string}\"},\"query-input\":{\"@type\":\"PropertyValueSpecification\",\"valueRequired\":true,\"valueName\":\"search_term_string\"}}],\"inLanguage\":\"es\"},{\"@type\":\"Organization\",\"@id\":\"https:\/\/www.hogaresfaustinollamas.org\/cmg\/#organization\",\"name\":\"Casa Mar\u00eda Goretti I.A.P\",\"url\":\"https:\/\/www.hogaresfaustinollamas.org\/cmg\/\",\"logo\":{\"@type\":\"ImageObject\",\"inLanguage\":\"es\",\"@id\":\"https:\/\/www.hogaresfaustinollamas.org\/cmg\/#\/schema\/logo\/image\/\",\"url\":\"https:\/\/www.hogaresfaustinollamas.org\/cmg\/wp-content\/uploads\/2025\/01\/logo-goretti-web.png\",\"contentUrl\":\"https:\/\/www.hogaresfaustinollamas.org\/cmg\/wp-content\/uploads\/2025\/01\/logo-goretti-web.png\",\"width\":100,\"height\":58,\"caption\":\"Casa Mar\u00eda Goretti I.A.P\"},\"image\":{\"@id\":\"https:\/\/www.hogaresfaustinollamas.org\/cmg\/#\/schema\/logo\/image\/\"},\"sameAs\":[\"https:\/\/www.facebook.com\/CMGoretti\",\"https:\/\/www.instagram.com\/casamariagorettiiap\/\"]},{\"@type\":\"Person\",\"@id\":\"https:\/\/www.hogaresfaustinollamas.org\/cmg\/#\/schema\/person\/b184e44b59189198d8695ce99a24edee\",\"name\":\"Maricela Enriquez\",\"image\":{\"@type\":\"ImageObject\",\"inLanguage\":\"es\",\"@id\":\"https:\/\/www.hogaresfaustinollamas.org\/cmg\/#\/schema\/person\/image\/\",\"url\":\"https:\/\/secure.gravatar.com\/avatar\/4209718b5a1a050b57317a73caad0937ec9eccdb96217b9cd8e4848f133b1c1b?s=96&d=mm&r=g\",\"contentUrl\":\"https:\/\/secure.gravatar.com\/avatar\/4209718b5a1a050b57317a73caad0937ec9eccdb96217b9cd8e4848f133b1c1b?s=96&d=mm&r=g\",\"caption\":\"Maricela Enriquez\"},\"sameAs\":[\"https:\/\/www.hogaresfaustinollamas.org\"],\"url\":\"https:\/\/www.hogaresfaustinollamas.org\/cmg\/author\/maricela\/\"}]}<\/script>\n<!-- \/ Yoast SEO plugin. -->","yoast_head_json":{"title":"Dr. Faustino Llamas - Casa Mar\u00eda Goretti I.A.P","robots":{"index":"index","follow":"follow","max-snippet":"max-snippet:-1","max-image-preview":"max-image-preview:large","max-video-preview":"max-video-preview:-1"},"canonical":"https:\/\/www.hogaresfaustinollamas.org\/cmg\/dr-faustino-llamas\/","og_locale":"es_MX","og_type":"article","og_title":"Dr. Faustino Llamas - Casa Mar\u00eda Goretti I.A.P","og_description":"Consciente de las vulnerabilidades sociales, fund\u00f3 varias Casas Hogar, la mayor\u00eda para apoyar a mujeres con discapacidad intelectual.","og_url":"https:\/\/www.hogaresfaustinollamas.org\/cmg\/dr-faustino-llamas\/","og_site_name":"Casa Mar\u00eda Goretti I.A.P","article_publisher":"https:\/\/www.facebook.com\/CMGoretti","article_published_time":"2024-01-23T01:35:52+00:00","article_modified_time":"2025-02-26T00:29:54+00:00","og_image":[{"width":1000,"height":667,"url":"https:\/\/www.hogaresfaustinollamas.org\/cmg\/wp-content\/uploads\/2025\/02\/dr-faustino-llamas-blog.webp","type":"image\/webp"}],"author":"Maricela Enriquez","twitter_card":"summary_large_image","twitter_misc":{"Escrito por":"Maricela Enriquez","Tiempo de lectura":"2 minutos"},"schema":{"@context":"https:\/\/schema.org","@graph":[{"@type":"Article","@id":"https:\/\/www.hogaresfaustinollamas.org\/cmg\/dr-faustino-llamas\/#article","isPartOf":{"@id":"https:\/\/www.hogaresfaustinollamas.org\/cmg\/dr-faustino-llamas\/"},"author":{"name":"Maricela Enriquez","@id":"https:\/\/www.hogaresfaustinollamas.org\/cmg\/#\/schema\/person\/b184e44b59189198d8695ce99a24edee"},"headline":"Dr. Faustino Llamas","datePublished":"2024-01-23T01:35:52+00:00","dateModified":"2025-02-26T00:29:54+00:00","mainEntityOfPage":{"@id":"https:\/\/www.hogaresfaustinollamas.org\/cmg\/dr-faustino-llamas\/"},"wordCount":352,"commentCount":0,"publisher":{"@id":"https:\/\/www.hogaresfaustinollamas.org\/cmg\/#organization"},"image":{"@id":"https:\/\/www.hogaresfaustinollamas.org\/cmg\/dr-faustino-llamas\/#primaryimage"},"thumbnailUrl":"https:\/\/www.hogaresfaustinollamas.org\/cmg\/wp-content\/uploads\/2025\/02\/dr-faustino-llamas-blog.webp","keywords":["Dr. Faustino Llamas","Nuestro Fundador"],"articleSection":["blog destacada","Con\u00f3cenos m\u00e1s"],"inLanguage":"es","potentialAction":[{"@type":"CommentAction","name":"Comment","target":["https:\/\/www.hogaresfaustinollamas.org\/cmg\/dr-faustino-llamas\/#respond"]}]},{"@type":"WebPage","@id":"https:\/\/www.hogaresfaustinollamas.org\/cmg\/dr-faustino-llamas\/","url":"https:\/\/www.hogaresfaustinollamas.org\/cmg\/dr-faustino-llamas\/","name":"Dr. Faustino Llamas - Casa Mar\u00eda Goretti I.A.P","isPartOf":{"@id":"https:\/\/www.hogaresfaustinollamas.org\/cmg\/#website"},"primaryImageOfPage":{"@id":"https:\/\/www.hogaresfaustinollamas.org\/cmg\/dr-faustino-llamas\/#primaryimage"},"image":{"@id":"https:\/\/www.hogaresfaustinollamas.org\/cmg\/dr-faustino-llamas\/#primaryimage"},"thumbnailUrl":"https:\/\/www.hogaresfaustinollamas.org\/cmg\/wp-content\/uploads\/2025\/02\/dr-faustino-llamas-blog.webp","datePublished":"2024-01-23T01:35:52+00:00","dateModified":"2025-02-26T00:29:54+00:00","breadcrumb":{"@id":"https:\/\/www.hogaresfaustinollamas.org\/cmg\/dr-faustino-llamas\/#breadcrumb"},"inLanguage":"es","potentialAction":[{"@type":"ReadAction","target":["https:\/\/www.hogaresfaustinollamas.org\/cmg\/dr-faustino-llamas\/"]}]},{"@type":"ImageObject","inLanguage":"es","@id":"https:\/\/www.hogaresfaustinollamas.org\/cmg\/dr-faustino-llamas\/#primaryimage","url":"https:\/\/www.hogaresfaustinollamas.org\/cmg\/wp-content\/uploads\/2025\/02\/dr-faustino-llamas-blog.webp","contentUrl":"https:\/\/www.hogaresfaustinollamas.org\/cmg\/wp-content\/uploads\/2025\/02\/dr-faustino-llamas-blog.webp","width":1000,"height":667},{"@type":"BreadcrumbList","@id":"https:\/\/www.hogaresfaustinollamas.org\/cmg\/dr-faustino-llamas\/#breadcrumb","itemListElement":[{"@type":"ListItem","position":1,"name":"Inicio","item":"https:\/\/www.hogaresfaustinollamas.org\/cmg\/"},{"@type":"ListItem","position":2,"name":"Dr. Faustino Llamas"}]},{"@type":"WebSite","@id":"https:\/\/www.hogaresfaustinollamas.org\/cmg\/#website","url":"https:\/\/www.hogaresfaustinollamas.org\/cmg\/","name":"Casa Mar\u00eda Goretti I.A.P","description":"CASA HOGAR","publisher":{"@id":"https:\/\/www.hogaresfaustinollamas.org\/cmg\/#organization"},"potentialAction":[{"@type":"SearchAction","target":{"@type":"EntryPoint","urlTemplate":"https:\/\/www.hogaresfaustinollamas.org\/cmg\/?s={search_term_string}"},"query-input":{"@type":"PropertyValueSpecification","valueRequired":true,"valueName":"search_term_string"}}],"inLanguage":"es"},{"@type":"Organization","@id":"https:\/\/www.hogaresfaustinollamas.org\/cmg\/#organization","name":"Casa Mar\u00eda Goretti I.A.P","url":"https:\/\/www.hogaresfaustinollamas.org\/cmg\/","logo":{"@type":"ImageObject","inLanguage":"es","@id":"https:\/\/www.hogaresfaustinollamas.org\/cmg\/#\/schema\/logo\/image\/","url":"https:\/\/www.hogaresfaustinollamas.org\/cmg\/wp-content\/uploads\/2025\/01\/logo-goretti-web.png","contentUrl":"https:\/\/www.hogaresfaustinollamas.org\/cmg\/wp-content\/uploads\/2025\/01\/logo-goretti-web.png","width":100,"height":58,"caption":"Casa Mar\u00eda Goretti I.A.P"},"image":{"@id":"https:\/\/www.hogaresfaustinollamas.org\/cmg\/#\/schema\/logo\/image\/"},"sameAs":["https:\/\/www.facebook.com\/CMGoretti","https:\/\/www.instagram.com\/casamariagorettiiap\/"]},{"@type":"Person","@id":"https:\/\/www.hogaresfaustinollamas.org\/cmg\/#\/schema\/person\/b184e44b59189198d8695ce99a24edee","name":"Maricela Enriquez","image":{"@type":"ImageObject","inLanguage":"es","@id":"https:\/\/www.hogaresfaustinollamas.org\/cmg\/#\/schema\/person\/image\/","url":"https:\/\/secure.gravatar.com\/avatar\/4209718b5a1a050b57317a73caad0937ec9eccdb96217b9cd8e4848f133b1c1b?s=96&d=mm&r=g","contentUrl":"https:\/\/secure.gravatar.com\/avatar\/4209718b5a1a050b57317a73caad0937ec9eccdb96217b9cd8e4848f133b1c1b?s=96&d=mm&r=g","caption":"Maricela Enriquez"},"sameAs":["https:\/\/www.hogaresfaustinollamas.org"],"url":"https:\/\/www.hogaresfaustinollamas.org\/cmg\/author\/maricela\/"}]}},"_links":{"self":[{"href":"https:\/\/www.hogaresfaustinollamas.org\/cmg\/wp-json\/wp\/v2\/posts\/474","targetHints":{"allow":["GET"]}}],"collection":[{"href":"https:\/\/www.hogaresfaustinollamas.org\/cmg\/wp-json\/wp\/v2\/posts"}],"about":[{"href":"https:\/\/www.hogaresfaustinollamas.org\/cmg\/wp-json\/wp\/v2\/types\/post"}],"author":[{"embeddable":true,"href":"https:\/\/www.hogaresfaustinollamas.org\/cmg\/wp-json\/wp\/v2\/users\/2"}],"replies":[{"embeddable":true,"href":"https:\/\/www.hogaresfaustinollamas.org\/cmg\/wp-json\/wp\/v2\/comments?post=474"}],"version-history":[{"count":2,"href":"https:\/\/www.hogaresfaustinollamas.org\/cmg\/wp-json\/wp\/v2\/posts\/474\/revisions"}],"predecessor-version":[{"id":558,"href":"https:\/\/www.hogaresfaustinollamas.org\/cmg\/wp-json\/wp\/v2\/posts\/474\/revisions\/558"}],"wp:featuredmedia":[{"embeddable":true,"href":"https:\/\/www.hogaresfaustinollamas.org\/cmg\/wp-json\/wp\/v2\/media\/475"}],"wp:attachment":[{"href":"https:\/\/www.hogaresfaustinollamas.org\/cmg\/wp-json\/wp\/v2\/media?parent=474"}],"wp:term":[{"taxonomy":"category","embeddable":true,"href":"https:\/\/www.hogaresfaustinollamas.org\/cmg\/wp-json\/wp\/v2\/categories?post=474"},{"taxonomy":"post_tag","embeddable":true,"href":"https:\/\/www.hogaresfaustinollamas.org\/cmg\/wp-json\/wp\/v2\/tags?post=474"},{"taxonomy":"citadela-post-location","embeddable":true,"href":"https:\/\/www.hogaresfaustinollamas.org\/cmg\/wp-json\/wp\/v2\/citadela-post-location?post=474"}],"curies":[{"name":"wp","href":"https:\/\/api.w.org\/{rel}","templated":true}]}}